{"id":185348,"date":"2025-01-17T17:00:22","date_gmt":"2025-01-17T20:00:22","guid":{"rendered":"https:\/\/corrientesdetarde.com\/?p=185348"},"modified":"2025-01-17T17:00:32","modified_gmt":"2025-01-17T20:00:32","slug":"la-argentina-registro-el-ano-pasado-su-primer-superavit-fiscal-desde-2010","status":"publish","type":"post","link":"https:\/\/corrientesdetarde.com\/index.php\/economia\/la-argentina-registro-el-ano-pasado-su-primer-superavit-fiscal-desde-2010\/","title":{"rendered":"La Argentina registr\u00f3 el a\u00f1o pasado su primer super\u00e1vit fiscal desde 2010"},"content":{"rendered":"\n<p>El resultado fiscal positivo fue equivalente a 0,3 puntos del PBI despu\u00e9s del pago de intereses. Javier Milei consigui\u00f3 en su primer a\u00f1o de mandato cumplir la promesa de mantener en orden en las cuentas p\u00fablicas, mientras afirma que el ajuste con la &#8220;motosierra&#8221; ser\u00e1 m\u00e1s profundo durante 2025.<\/p>\n\n\n\n<p>El presidente Javier Milei finaliz\u00f3 su primer a\u00f1o de mandato con un super\u00e1vit fiscal de $1,7 billones (0,3% del PBI), seg\u00fan inform\u00f3 este viernes el Ministerio de Econom\u00eda. La \u00faltima vez que la Argentina hab\u00eda tenido un resultado positivo en sus cuentas p\u00fablicas despu\u00e9s del pago de intereses de la deuda hab\u00eda sido en 2010, pero el cierre de 2024 adem\u00e1s mostr\u00f3 el saldo m\u00e1s alto en 16 a\u00f1os. El Gobierno asegur\u00f3 que continuar\u00e1 el ajuste con &#8220;motosierra&#8221; continuar\u00e1 en 2025 para garantizar el equilibrio de las cuentas p\u00fablicas.<\/p>\n\n\n\n<p>El Sector P\u00fablico Nacional (SPN) registr\u00f3 en diciembre un resultado financiero deficitario en $1,557 billones, en un mes que t\u00edpicamente se junta el pago de los aguinaldos de estatales y cuando adem\u00e1s se concentraron pagos de la deuda. El saldo primario (ingresos menos gastos) marc\u00f3 un rojo de $1,3 billones y el pago de compromisos fue de $256.260 millones.<\/p>\n\n\n\n<p>El acumulado del a\u00f1o arroj\u00f3 un saldo financiero para 2024 positivo en $1.764.786 millones (0,3% del PBI) y uno primario de $10.405.810 millones (1,8% del PBI). &#8220;Se trata del primer super\u00e1vit financiero anual en 14 a\u00f1os, y el mayor en 16 a\u00f1os. No obstante, a diferencia de aquellos per\u00edodos, el actual super\u00e1vit financiero se alcanz\u00f3 honrando la totalidad de las obligaciones contra\u00eddas por el Sector P\u00fablico Nacional&#8221;, escribi\u00f3 el ministro de Econom\u00eda, Luis Caputo, a trav\u00e9s de su cuenta de X.<\/p>\n\n\n\n<p>&#8220;El resultado fiscal publicado hoy debe entenderse como un hito en nuestra historia. Es el resultado de un liderazgo extraordinario de nuestro presidente Javier Milei, sumado a un programa de estabilizaci\u00f3n que ha sorprendido al mundo, y un trabajo en equipo de todos los ministros y secretarios de este gobierno, que entendieron la importancia de la austeridad fiscal como la herramienta principal para recuperar la estabilidad macroecon\u00f3mica y la paz social&#8221;, asegur\u00f3 Caputo.<\/p>\n\n\n\n<p>El Palacio de Hacienda destac\u00f3 que el resultado fiscal del 2024 se obtuvo con una deuda flotante, es decir los pagos atrasados, en l\u00ednea con el cierre que hab\u00eda tenido en 2023 en t\u00e9rminos nominales. Eso implica una reducci\u00f3n del 52% en t\u00e9rminos reales.<\/p>\n\n\n\n<p>Milei avanz\u00f3 en su primer a\u00f1o de mandato en un fuerte ajuste fiscal de shock, que el Gobierno ubica en torno a 5 puntos del PBI y permiti\u00f3 el primer resultado fiscal primario (ingresos menos gastos) positivo desde 2014. El Presidente suele resaltar su slogan de campa\u00f1a sobre la &#8220;motosierra&#8221; con la que se recort\u00f3 el gasto y promete que ser\u00e1 igual durante 2025.<\/p>\n\n\n\n<p>Econom\u00eda destac\u00f3 que el &#8220;saneamiento&#8221; en las empresas p\u00fablicas permiti\u00f3 registrar el primer mes de super\u00e1vit operativo del conjunto de las compa\u00f1\u00edas desde 2009. Tambi\u00e9n resaltaron la disoluci\u00f3n de 19 fondos fiduciarios con el fin de &#8220;eficientizar&#8221; el uso de los recursos p\u00fablicos.<\/p>\n\n\n\n<p>Para conseguir el equilibrio en las cuentas p\u00fablicas en el primer a\u00f1o de mandato, el Gobierno precis\u00f3 combinar un muy fuerte ajuste en el gasto p\u00fablico y un aumento en la recaudaci\u00f3n a trav\u00e9s de subas de algunos impuestos como el PAIS. Los datos preliminares dan cuenta de que el Gobierno redujo el gasto total en aproximadamente un tercio durante el primer a\u00f1o de gesti\u00f3n, principalmente en jubilaciones y pensiones, subsidios econ\u00f3micos, transferencias a provincias e inversi\u00f3n en obra p\u00fablica.<\/p>\n\n\n\n<p>Para avanzar en una disminuci\u00f3n significativa de los impuestos, el Ejecutivo estima que ser\u00eda necesario un incremento en la recaudaci\u00f3n tributaria equivalente a m\u00e1s de un punto del PBI en 2025, alineado con un repunte de la actividad econ\u00f3mica. Una proyecci\u00f3n del Ministerio de Econom\u00eda sugiere que un crecimiento del PBI de 5% en 2025 podr\u00eda generar una recaudaci\u00f3n adicional de hasta 1,2 puntos del PBI.<\/p>\n","protected":false},"excerpt":{"rendered":"<p>El resultado fiscal positivo fue equivalente a 0,3 puntos del PBI despu\u00e9s del pago de intereses. Javier Milei consigui\u00f3 en su primer a\u00f1o de mandato cumplir la promesa de mantener&hellip; <\/p>\n","protected":false},"author":3,"featured_media":185352,"comment_status":"closed","ping_status":"open","sticky":false,"template":"","format":"standard","meta":{"footnotes":""},"categories":[20],"tags":[],"class_list":["post-185348","post","type-post","status-publish","format-standard","has-post-thumbnail","hentry","category-economia"],"_links":{"self":[{"href":"https:\/\/corrientesdetarde.com\/index.php\/wp-json\/wp\/v2\/posts\/185348","targetHints":{"allow":["GET"]}}],"collection":[{"href":"https:\/\/corrientesdetarde.com\/index.php\/wp-json\/wp\/v2\/posts"}],"about":[{"href":"https:\/\/corrientesdetarde.com\/index.php\/wp-json\/wp\/v2\/types\/post"}],"author":[{"embeddable":true,"href":"https:\/\/corrientesdetarde.com\/index.php\/wp-json\/wp\/v2\/users\/3"}],"replies":[{"embeddable":true,"href":"https:\/\/corrientesdetarde.com\/index.php\/wp-json\/wp\/v2\/comments?post=185348"}],"version-history":[{"count":1,"href":"https:\/\/corrientesdetarde.com\/index.php\/wp-json\/wp\/v2\/posts\/185348\/revisions"}],"predecessor-version":[{"id":185374,"href":"https:\/\/corrientesdetarde.com\/index.php\/wp-json\/wp\/v2\/posts\/185348\/revisions\/185374"}],"wp:featuredmedia":[{"embeddable":true,"href":"https:\/\/corrientesdetarde.com\/index.php\/wp-json\/wp\/v2\/media\/185352"}],"wp:attachment":[{"href":"https:\/\/corrientesdetarde.com\/index.php\/wp-json\/wp\/v2\/media?parent=185348"}],"wp:term":[{"taxonomy":"category","embeddable":true,"href":"https:\/\/corrientesdetarde.com\/index.php\/wp-json\/wp\/v2\/categories?post=185348"},{"taxonomy":"post_tag","embeddable":true,"href":"https:\/\/corrientesdetarde.com\/index.php\/wp-json\/wp\/v2\/tags?post=185348"}],"curies":[{"name":"wp","href":"https:\/\/api.w.org\/{rel}","templated":true}]}}