{"id":185350,"date":"2025-01-17T17:00:20","date_gmt":"2025-01-17T20:00:20","guid":{"rendered":"https:\/\/corrientesdetarde.com\/?p=185350"},"modified":"2025-01-17T17:00:33","modified_gmt":"2025-01-17T20:00:33","slug":"el-ministerio-de-educacion-presento-sus-actividades-de-verano","status":"publish","type":"post","link":"https:\/\/corrientesdetarde.com\/index.php\/actualidad\/el-ministerio-de-educacion-presento-sus-actividades-de-verano\/","title":{"rendered":"El Ministerio de Educaci\u00f3n present\u00f3 sus actividades de verano"},"content":{"rendered":"\n<p>La ministra de Educaci\u00f3n, Pr\u00e1xedes L\u00f3pez encabez\u00f3 hoy el lanzamiento de las acciones programadas por esta cartera para el verano 2025. Las actividades comenzaron esta semana e incluyen \u201cCampamento Cient\u00edfico\u201d, \u201cColectivo de lectura\u201d y \u201cTalleres de fluidez y comprensi\u00f3n lectora\u201d.<\/p>\n\n\n\n<p>\u201cPara el verano tenemos tres programas que hemos trabajado articuladamente entre la Direcci\u00f3n de Planeamiento, la Direcci\u00f3n de Educaci\u00f3n F\u00edsica, la Direcci\u00f3n de Secundaria y el Consejo General de Educaci\u00f3n\u201d, explic\u00f3 el director de Planeamiento e Investigaci\u00f3n Educativa Julio Simonit quien, entre otras cosas, destac\u00f3 la importancia de la lectura dentro y fuera de las escuelas.<\/p>\n\n\n\n<p><strong>Programas<\/strong><\/p>\n\n\n\n<p>El Programa Colectivo de Lectura comenz\u00f3 el mi\u00e9rcoles y se extender\u00e1 hasta la primera quincena de febrero alcanzando a dos colonias de verano, un centro recreativo de Corrientes Capital (CEF N\u00b0 1, CEF N\u00b0 17 y CEF N\u00b0 18) y el Hospital Juan Pablo II.<\/p>\n\n\n\n<p>A trav\u00e9s de una metodolog\u00eda l\u00fadica y participativa, esta propuesta busca no solo fomentar el placer por la lectura, sino tambi\u00e9n contribuir al desarrollo integral de los ni\u00f1os promoviendo h\u00e1bitos saludables y estimulando su creatividad. La articulaci\u00f3n de actividades como juegos literarios, dramatizaciones y talleres de nutrici\u00f3n, fundamentada en investigaciones sobre el v\u00ednculo entre la lectura y el desarrollo cognitivo y emocional, permitir\u00e1 generar experiencias significativas que perduren m\u00e1s all\u00e1 del per\u00edodo vacacional.<\/p>\n\n\n\n<p>El Colectivo de Lectura estar\u00e1 los lunes, mi\u00e9rcoles y viernes de 9 a 12, del 16 de enero y hasta el 15 de febrero. El cierre de las acciones consistir\u00e1 en un picnic literario donde se entregar\u00e1n recordatorios y compartir\u00e1 un refrigerio.<\/p>\n\n\n\n<p>Por otra parte, este verano habr\u00e1 un campamento cient\u00edfico. El mismo tendr\u00e1 lugar durante la primera quincena de febrero y su objetivo es estimular la curiosidad, el pensamiento cr\u00edtico y la pasi\u00f3n por la ciencia desde una edad temprana, en el contexto de un \u00e1mbito natural y vinculado de manera interdisciplinaria con la educaci\u00f3n f\u00edsica, las artes y las ciencias biol\u00f3gicas, en el marco de entorno l\u00fadico y estimulante.<\/p>\n\n\n\n<p>La tercera actividad de verano se llama \u201cComprender, compromiso de todos\u201d y est\u00e1 destinada a ingresantes a primer a\u00f1o del nivel secundario. Esta propuesta se enmarca en el programa Comprender compromiso de todos, con una adaptaci\u00f3n del Programa Leer y Comprender, camino para Aprender, contemplados en el Plan de Compromiso por la Alfabetizaci\u00f3n y estar\u00e1 a cargo de un coordinador y 20 talleristas de distintos puntos de la provincia.<\/p>\n\n\n\n<p>Consiste en el dictado de talleres de una hora de duraci\u00f3n como m\u00ednimo sobre fluidez y comprensi\u00f3n lectora destinado a 2282 estudiantes ingresantes a primer a\u00f1o de la muestra de escuelas seleccionadas que m\u00e1s abajo se detallan. Los mismos se dictaran en la segunda quincena de febrero y durante la primera se planificar\u00e1n las acciones y elaborar\u00e1n los materiales (cuadernillos) que ser\u00e1n distribuidos gratuitamente a los estudiantes.<\/p>\n\n\n\n<p>Se aplicar\u00e1 una evaluaci\u00f3n de cierre y sus resultados deber\u00e1n ser abordados a nivel institucional.<\/p>\n\n\n\n<p>El acto cont\u00f3 adem\u00e1s con la presencia del subsecretario de Gesti\u00f3n Educativa Julio Navias, la presidenta del Consejo General de Educaci\u00f3n Silvina Rollet, el director de Secundaria Sergio Guti\u00e9rrez y el director de Educaci\u00f3n F\u00edsica Alejandro Simoni y parte del equipo t\u00e9cnico.<\/p>\n","protected":false},"excerpt":{"rendered":"<p>La ministra de Educaci\u00f3n, Pr\u00e1xedes L\u00f3pez encabez\u00f3 hoy el lanzamiento de las acciones programadas por esta cartera para el verano 2025. Las actividades comenzaron esta semana e incluyen \u201cCampamento Cient\u00edfico\u201d,&hellip; <\/p>\n","protected":false},"author":3,"featured_media":185351,"comment_status":"closed","ping_status":"open","sticky":false,"template":"","format":"standard","meta":{"footnotes":""},"categories":[23],"tags":[],"class_list":["post-185350","post","type-post","status-publish","format-standard","has-post-thumbnail","hentry","category-actualidad"],"_links":{"self":[{"href":"https:\/\/corrientesdetarde.com\/index.php\/wp-json\/wp\/v2\/posts\/185350","targetHints":{"allow":["GET"]}}],"collection":[{"href":"https:\/\/corrientesdetarde.com\/index.php\/wp-json\/wp\/v2\/posts"}],"about":[{"href":"https:\/\/corrientesdetarde.com\/index.php\/wp-json\/wp\/v2\/types\/post"}],"author":[{"embeddable":true,"href":"https:\/\/corrientesdetarde.com\/index.php\/wp-json\/wp\/v2\/users\/3"}],"replies":[{"embeddable":true,"href":"https:\/\/corrientesdetarde.com\/index.php\/wp-json\/wp\/v2\/comments?post=185350"}],"version-history":[{"count":1,"href":"https:\/\/corrientesdetarde.com\/index.php\/wp-json\/wp\/v2\/posts\/185350\/revisions"}],"predecessor-version":[{"id":185377,"href":"https:\/\/corrientesdetarde.com\/index.php\/wp-json\/wp\/v2\/posts\/185350\/revisions\/185377"}],"wp:featuredmedia":[{"embeddable":true,"href":"https:\/\/corrientesdetarde.com\/index.php\/wp-json\/wp\/v2\/media\/185351"}],"wp:attachment":[{"href":"https:\/\/corrientesdetarde.com\/index.php\/wp-json\/wp\/v2\/media?parent=185350"}],"wp:term":[{"taxonomy":"category","embeddable":true,"href":"https:\/\/corrientesdetarde.com\/index.php\/wp-json\/wp\/v2\/categories?post=185350"},{"taxonomy":"post_tag","embeddable":true,"href":"https:\/\/corrientesdetarde.com\/index.php\/wp-json\/wp\/v2\/tags?post=185350"}],"curies":[{"name":"wp","href":"https:\/\/api.w.org\/{rel}","templated":true}]}}