{"id":185360,"date":"2025-01-17T17:00:31","date_gmt":"2025-01-17T20:00:31","guid":{"rendered":"https:\/\/corrientesdetarde.com\/?p=185360"},"modified":"2025-01-17T17:00:33","modified_gmt":"2025-01-17T20:00:33","slug":"marinoni-conformamos-un-ballet-oficial-netamente-regional","status":"publish","type":"post","link":"https:\/\/corrientesdetarde.com\/index.php\/informacion-general\/marinoni-conformamos-un-ballet-oficial-netamente-regional\/","title":{"rendered":"Marinoni: &#8220;Conformamos un Ballet Oficial netamente regional&#8221;"},"content":{"rendered":"\n<p>Fueron las palabras del director, Luis Marinoni, quien destac\u00f3 la importancia de que los 40 bailarines sean de diferentes localidades de Corrientes y de la regi\u00f3n. Hizo hincapi\u00e9 en que buscan ofrecer un producto de excelencia que conforme las expectativas de los espectadores.<\/p>\n\n\n\n<p>Uno de los principales exponentes de la Fiesta Nacional del Chamam\u00e9 es su Ballet Oficial. Este a\u00f1o no ser\u00e1 la excepci\u00f3n. El cuerpo de baile viene prepar\u00e1ndose desde fines del a\u00f1o pasado para brindar un gran espect\u00e1culo en las 10 noches del Cocomarola.<\/p>\n\n\n\n<p>Luis Marinoni, director del Ballet Oficial, en di\u00e1logo con \u00e9poca coment\u00f3 las caracter\u00edsticas de este grupo de bailarines que no solo son de la provincia de Corrientes, sino del Nordeste argentino.<\/p>\n\n\n\n<p>El responsable a cargo del ballet destac\u00f3 que desde el 15 de diciembre empezaron con las audiciones para conformar conformar este ballet &#8220;que es netamente regional, formado por muchos bailarines de municipios correntinos, Chaco tambi\u00e9n est\u00e1 presente, al igual que Formosa y Misiones, as\u00ed que realmente es un ballet muy regional con un piso maravilloso que es el que nos gusta tener&#8221;, asever\u00f3.<\/p>\n\n\n\n<p>Tambi\u00e9n destac\u00f3 que el repertorio que prepararon es muy comprometido con la identidad, &#8220;con los av\u00edos del alma&#8221;, reconoci\u00f3, y tambi\u00e9n muy disruptivo ya que &#8220;es algo que tambi\u00e9n siempre el ballet propone, diferentes visiones para los diferentes p\u00fablicos chamamaceros y tambi\u00e9n para los que queremos que est\u00e9n dentro de nuestra de nuestra impronta de nuestra cuesti\u00f3n digamos&#8221;.<\/p>\n\n\n\n<p>Siempre hay mucha expectativa alrededor de lo que presenta el Ballet Oficial ya que desde el inicio de la Fiesta Grande la gente espera la danza en el escenario Osvaldo Sosa Cordero. &#8220;La responsabilidad es doble, trabajamos con el equipo, con estos 40 bailarines de diferentes lugares y con todo el equipo t\u00e9cnico para ofrecer un producto de excelencia que tenga que ver con tener toda la demanda que tenemos&#8221;, reconoci\u00f3 Marinoni, quien destac\u00f3 que el p\u00fablico es maravilloso y que es no solamente es el que est\u00e1 dentro del predio &#8220;sino los que ven desde afuera desde otros lugares del mundo&#8221;.<\/p>\n\n\n\n<p>El Ballet este a\u00f1o busca alinearse con el t\u00edtulo de la Fiesta buscando que cada una de las obras despierte emocionalidad y reflexi\u00f3n sobre las cosas que nos pertenecen y que son necesarias sentirlas como importantes cotidianamente y que tienen que ver con la identidad, no solamente del correntino, sino de toda la regi\u00f3n del Litoral y de ser argentinos.<\/p>\n\n\n\n<figure class=\"wp-block-image\"><img decoding=\"async\" src=\"https:\/\/www.diarioepoca.com\/content\/bucket\/2\/1406642w380h132c.jpg.webp\" alt=\"\"\/><\/figure>\n\n\n\n<p>&#8220;El av\u00edo del alma para nosotros en cada una de las obras tiene que ver con la emocionalidad que cada uno de las personas sienten al ver las obras que van a estar puestas en escena&#8221;, mencion\u00f3.<\/p>\n\n\n\n<p>El Director dej\u00f3 en claro que es muy importante que todos estos bailarines que llegan hasta la Fiesta, que vienen con su impronta, &#8220;se van madurados de otra manera porque solamente aqu\u00ed en Corrientes se siente el chamam\u00e9 y todos estos bailarines se llevan una transformaci\u00f3n respecto a lo que tiene que ver con la identidad chamamecera&#8221;.<\/p>\n\n\n\n<p>Marinoni resalt\u00f3 que son &#8220;40 bailarines los que estar\u00e1n presentes en el escenario&#8221;, pero adem\u00e1s remarc\u00f3 que tendr\u00e1n muchos elencos invitados, &#8220;porque vamos a tener un ciclo que se llama \u0091Celebrantes\u0092 donde contaremos con maestras invitadas, como Andrea Fern\u00e1ndez y Gabriela \u00c1valos que vienen a poner coreograf\u00eda a t\u00edtulos muy relevantes que tienen que ver con la eternidad de personas que se han quedado permanentemente en nuestros corazones como Ofelia Leiva y Tarrag\u00f3 Ros&#8221;.<\/p>\n\n\n\n<p>El ciclo &#8220;Celebrantes&#8221; tambi\u00e9n traer\u00e1 a otros bailarines invitados por lo que ser\u00e1 un elenco importante, que en total rondar\u00e1n aproximadamente los 100 bailarines que el Ballet va a tener.<\/p>\n\n\n\n<p>ara finalizar mencion\u00f3 que todos los d\u00edas el Ballet Oficial estar\u00e1 presente en el escenario con diferentes intervenciones. &#8220;Las aperturas que hacemos tradicionalmente, las obras intensas de fuerte magnitud y tambi\u00e9n hay una particularidad que vamos a tener que el Ballet va a ser itinerancia, va a ser una cuesti\u00f3n perform\u00e1tica en diferentes espacios de la Fiesta fuera del escenario, o sea que estar\u00e1 presente las 10 noches con estas diferentes propuestas&#8221;.<\/p>\n","protected":false},"excerpt":{"rendered":"<p>Fueron las palabras del director, Luis Marinoni, quien destac\u00f3 la importancia de que los 40 bailarines sean de diferentes localidades de Corrientes y de la regi\u00f3n. Hizo hincapi\u00e9 en que&hellip; <\/p>\n","protected":false},"author":3,"featured_media":185372,"comment_status":"closed","ping_status":"open","sticky":false,"template":"","format":"standard","meta":{"footnotes":""},"categories":[1],"tags":[],"class_list":["post-185360","post","type-post","status-publish","format-standard","has-post-thumbnail","hentry","category-informacion-general"],"_links":{"self":[{"href":"https:\/\/corrientesdetarde.com\/index.php\/wp-json\/wp\/v2\/posts\/185360","targetHints":{"allow":["GET"]}}],"collection":[{"href":"https:\/\/corrientesdetarde.com\/index.php\/wp-json\/wp\/v2\/posts"}],"about":[{"href":"https:\/\/corrientesdetarde.com\/index.php\/wp-json\/wp\/v2\/types\/post"}],"author":[{"embeddable":true,"href":"https:\/\/corrientesdetarde.com\/index.php\/wp-json\/wp\/v2\/users\/3"}],"replies":[{"embeddable":true,"href":"https:\/\/corrientesdetarde.com\/index.php\/wp-json\/wp\/v2\/comments?post=185360"}],"version-history":[{"count":1,"href":"https:\/\/corrientesdetarde.com\/index.php\/wp-json\/wp\/v2\/posts\/185360\/revisions"}],"predecessor-version":[{"id":185379,"href":"https:\/\/corrientesdetarde.com\/index.php\/wp-json\/wp\/v2\/posts\/185360\/revisions\/185379"}],"wp:featuredmedia":[{"embeddable":true,"href":"https:\/\/corrientesdetarde.com\/index.php\/wp-json\/wp\/v2\/media\/185372"}],"wp:attachment":[{"href":"https:\/\/corrientesdetarde.com\/index.php\/wp-json\/wp\/v2\/media?parent=185360"}],"wp:term":[{"taxonomy":"category","embeddable":true,"href":"https:\/\/corrientesdetarde.com\/index.php\/wp-json\/wp\/v2\/categories?post=185360"},{"taxonomy":"post_tag","embeddable":true,"href":"https:\/\/corrientesdetarde.com\/index.php\/wp-json\/wp\/v2\/tags?post=185360"}],"curies":[{"name":"wp","href":"https:\/\/api.w.org\/{rel}","templated":true}]}}