{"id":185615,"date":"2025-01-19T20:48:00","date_gmt":"2025-01-19T23:48:00","guid":{"rendered":"https:\/\/corrientesdetarde.com\/?p=185615"},"modified":"2025-01-19T20:25:35","modified_gmt":"2025-01-19T23:25:35","slug":"conmovedor-mensaje-de-martin-palermo-por-la-muerte-de-su-padre","status":"publish","type":"post","link":"https:\/\/corrientesdetarde.com\/index.php\/deportes\/conmovedor-mensaje-de-martin-palermo-por-la-muerte-de-su-padre\/","title":{"rendered":"Conmovedor mensaje de Mart\u00edn Palermo por la muerte de su padre."},"content":{"rendered":"\n<h2 class=\"wp-block-heading\">El Tit\u00e1n se expres\u00f3 en sus redes sociales para agradecer el apoyo recibido durante este dif\u00edcil momento familiar.<\/h2>\n\n\n\n<p><strong>Mart\u00edn Palermo<\/strong>, en medio de la pretemporada con\u00a0<strong>Olimpia de Paraguay<\/strong>, recibi\u00f3 la noticia de la muerte de su padre\u00a0<strong>Carlos<\/strong>. Tras este doloroso suceso, el exdelantero comenz\u00f3 a recibir miles de mensajes de apoyo y, en las primeras horas de este domingo,\u00a0<strong>public\u00f3 un mensaje para despedirse y agradecer las muestras de cari\u00f1o recibidas.<\/strong><\/p>\n\n\n\n<p>\u201c<strong>Quiero agradecer a todos los que me enviaron fuerzas y apoyo en este momento dif\u00edcil que me toca vivir<\/strong>. Siempre\u00a0<strong>lo voy a recordar a mi pap\u00e1 como la persona que me ense\u00f1\u00f3 valores con mucho amor<\/strong>. Qu\u00e9 descanses en paz\u201d, escribi\u00f3 Palermo en su cuenta de Instagram en una publicaci\u00f3n con un fondo negro.<\/p>\n\n\n\n<figure class=\"wp-block-image size-large\"><img loading=\"lazy\" decoding=\"async\" width=\"1024\" height=\"979\" src=\"https:\/\/corrientesdetarde.com\/wp-content\/uploads\/2025\/01\/image-253-1024x979.png\" alt=\"\" class=\"wp-image-185618\" srcset=\"https:\/\/corrientesdetarde.com\/wp-content\/uploads\/2025\/01\/image-253-1024x979.png 1024w, https:\/\/corrientesdetarde.com\/wp-content\/uploads\/2025\/01\/image-253-300x287.png 300w, https:\/\/corrientesdetarde.com\/wp-content\/uploads\/2025\/01\/image-253-768x734.png 768w, https:\/\/corrientesdetarde.com\/wp-content\/uploads\/2025\/01\/image-253.png 1440w\" sizes=\"auto, (max-width: 1024px) 100vw, 1024px\" \/><\/figure>\n\n\n\n<p>El conjunto paraguayo dio a conocer la triste noticia en las redes sociales con un comunicado: \u201c<strong>Lamentamos informar el fallecimiento del se\u00f1or Carlos Jorge Palermo<\/strong>, padre de nuestro actual entrenador. La Comisi\u00f3n Directiva ha declarado un periodo de duelo de dos d\u00edas invitando a toda la Comunidad Olimpista a unirse a este momento de reflexi\u00f3n y respeto.\u00a0<strong>Abrazamos al querido Mart\u00edn en este complicado momento y enviamos, en nombre de toda la Instituci\u00f3n, nuestras m\u00e1s sinceras condolencias a sus familiares y amigos<\/strong>\u201d.<\/p>\n\n\n\n<figure class=\"wp-block-image size-large\"><img loading=\"lazy\" decoding=\"async\" width=\"613\" height=\"1024\" src=\"https:\/\/corrientesdetarde.com\/wp-content\/uploads\/2025\/01\/image-254-613x1024.png\" alt=\"\" class=\"wp-image-185619\" srcset=\"https:\/\/corrientesdetarde.com\/wp-content\/uploads\/2025\/01\/image-254-613x1024.png 613w, https:\/\/corrientesdetarde.com\/wp-content\/uploads\/2025\/01\/image-254-180x300.png 180w, https:\/\/corrientesdetarde.com\/wp-content\/uploads\/2025\/01\/image-254-768x1283.png 768w, https:\/\/corrientesdetarde.com\/wp-content\/uploads\/2025\/01\/image-254-920x1536.png 920w, https:\/\/corrientesdetarde.com\/wp-content\/uploads\/2025\/01\/image-254-1226x2048.png 1226w, https:\/\/corrientesdetarde.com\/wp-content\/uploads\/2025\/01\/image-254.png 1440w\" sizes=\"auto, (max-width: 613px) 100vw, 613px\" \/><\/figure>\n\n\n\n<p>Tambi\u00e9n se sum\u00f3 Boca, que le dedic\u00f3 un emotivo mensaje al \u00eddolo. \u201cEstamos con vos, Mart\u00edn\u201c, expres\u00f3 el club Xeneize en sus redes sociales.<\/p>\n\n\n\n<figure class=\"wp-block-image size-large\"><img loading=\"lazy\" decoding=\"async\" width=\"819\" height=\"1024\" src=\"https:\/\/corrientesdetarde.com\/wp-content\/uploads\/2025\/01\/image-255-819x1024.png\" alt=\"\" class=\"wp-image-185620\" srcset=\"https:\/\/corrientesdetarde.com\/wp-content\/uploads\/2025\/01\/image-255-819x1024.png 819w, https:\/\/corrientesdetarde.com\/wp-content\/uploads\/2025\/01\/image-255-240x300.png 240w, https:\/\/corrientesdetarde.com\/wp-content\/uploads\/2025\/01\/image-255-768x960.png 768w, https:\/\/corrientesdetarde.com\/wp-content\/uploads\/2025\/01\/image-255-1229x1536.png 1229w, https:\/\/corrientesdetarde.com\/wp-content\/uploads\/2025\/01\/image-255.png 1440w\" sizes=\"auto, (max-width: 819px) 100vw, 819px\" \/><\/figure>\n\n\n\n<p><\/p>\n","protected":false},"excerpt":{"rendered":"<p>El Tit\u00e1n se expres\u00f3 en sus redes sociales para agradecer el apoyo recibido durante este dif\u00edcil momento familiar. Mart\u00edn Palermo, en medio de la pretemporada con\u00a0Olimpia de Paraguay, recibi\u00f3 la&hellip; <\/p>\n","protected":false},"author":6,"featured_media":185621,"comment_status":"closed","ping_status":"open","sticky":false,"template":"","format":"standard","meta":{"footnotes":""},"categories":[4],"tags":[],"class_list":["post-185615","post","type-post","status-publish","format-standard","has-post-thumbnail","hentry","category-deportes"],"_links":{"self":[{"href":"https:\/\/corrientesdetarde.com\/index.php\/wp-json\/wp\/v2\/posts\/185615","targetHints":{"allow":["GET"]}}],"collection":[{"href":"https:\/\/corrientesdetarde.com\/index.php\/wp-json\/wp\/v2\/posts"}],"about":[{"href":"https:\/\/corrientesdetarde.com\/index.php\/wp-json\/wp\/v2\/types\/post"}],"author":[{"embeddable":true,"href":"https:\/\/corrientesdetarde.com\/index.php\/wp-json\/wp\/v2\/users\/6"}],"replies":[{"embeddable":true,"href":"https:\/\/corrientesdetarde.com\/index.php\/wp-json\/wp\/v2\/comments?post=185615"}],"version-history":[{"count":1,"href":"https:\/\/corrientesdetarde.com\/index.php\/wp-json\/wp\/v2\/posts\/185615\/revisions"}],"predecessor-version":[{"id":185623,"href":"https:\/\/corrientesdetarde.com\/index.php\/wp-json\/wp\/v2\/posts\/185615\/revisions\/185623"}],"wp:featuredmedia":[{"embeddable":true,"href":"https:\/\/corrientesdetarde.com\/index.php\/wp-json\/wp\/v2\/media\/185621"}],"wp:attachment":[{"href":"https:\/\/corrientesdetarde.com\/index.php\/wp-json\/wp\/v2\/media?parent=185615"}],"wp:term":[{"taxonomy":"category","embeddable":true,"href":"https:\/\/corrientesdetarde.com\/index.php\/wp-json\/wp\/v2\/categories?post=185615"},{"taxonomy":"post_tag","embeddable":true,"href":"https:\/\/corrientesdetarde.com\/index.php\/wp-json\/wp\/v2\/tags?post=185615"}],"curies":[{"name":"wp","href":"https:\/\/api.w.org\/{rel}","templated":true}]}}