{"id":185622,"date":"2025-01-19T20:59:00","date_gmt":"2025-01-19T23:59:00","guid":{"rendered":"https:\/\/corrientesdetarde.com\/?p=185622"},"modified":"2025-01-19T20:29:11","modified_gmt":"2025-01-19T23:29:11","slug":"detuvieron-nuevamente-a-facundo-jones-huala-cerca-de-los-incendios-en-chubut","status":"publish","type":"post","link":"https:\/\/corrientesdetarde.com\/index.php\/policiales\/detuvieron-nuevamente-a-facundo-jones-huala-cerca-de-los-incendios-en-chubut\/","title":{"rendered":"Detuvieron nuevamente a Facundo Jones Huala cerca de los incendios en Chubut."},"content":{"rendered":"\n<h2 class=\"wp-block-heading\">El anuncio del arresto lo hizo Patricia Bullrich. La ministra de Seguridad se\u00f1al\u00f3 que el l\u00edder de Resistencia Ancestral Mapuche intentaba abrir autos.<\/h2>\n\n\n\n<p>Volvieron a detener al l\u00edder de Resistencia Ancestral Mapuche, (RAM),\u00a0<strong>Facundo Jones Huala,<\/strong>\u00a0cerca de los incendios de\u00a0<strong>Chubut<\/strong>. El anuncio del arresto lo hizo la ministra de Seguridad,\u00a0<strong>Patricia Bullrich,<\/strong>\u00a0quien explic\u00f3 que el hombre intentaba abrir autos. A mediados del a\u00f1o pasado la\u00a0<strong>Corte Suprema de Chile<\/strong>\u00a0orden\u00f3 la liberaci\u00f3n de Jones Huala, condenado por los delitos de incendio a una finca de ese pa\u00eds y portaci\u00f3n ilegal de armas de fuego, cometidos en 2013.<\/p>\n\n\n\n<p>Bullrich public\u00f3 en su cuenta de X: \u201cActivamos el convenio para la emergencia en la Patagonia y, a las 04.00, el sistema de monitoreo detect\u00f3 en El Bols\u00f3n a un hombre intentando<strong>&nbsp;abrir autos.&nbsp;<\/strong>La Polic\u00eda de R\u00edo Negro intervino, fue&nbsp;<strong>agredida&nbsp;<\/strong>y, al detenerlo, descubrieron que era \u00a1el terrorista Facundo Jones Huala!\u201d.<\/p>\n\n\n\n<p>La ministra de Seguridad dijo que a Jones Huala volvieron a arrestarlo cerca de los incendios de&nbsp;<strong>Chubut<\/strong>&nbsp;y explic\u00f3: \u201cSi la ley de reiterancia estuviera aprobada, \u00a1volver\u00eda a estar preso inmediatamente! A estos violentos que quieren imponer el caos atacando la propiedad, la seguridad y la vida de los argentinos, les digo claro: \u00a1Presos van a terminar!\u201d.<\/p>\n\n\n\n<h2 class=\"wp-block-heading\">El gobernador de Chubut: \u201cNo quedan dudas que el incendio de la Estancia Amancay fue intencional\u201d<\/h2>\n\n\n\n<p>Luego de la detenci\u00f3n de Jones Huala Torres dijo en su cuenta de&nbsp;<em>X:<\/em>&nbsp;\u201cYa no nos quedan dudas de que el reciente incendio de la Estancia Amancay&nbsp;<strong>fue intencional.&nbsp;<\/strong>Es por eso que vamos a trabajar con el Ministerio de Seguridad para, de una vez por todas,<strong>&nbsp;terminar con la violencia<\/strong>&nbsp;en Chubut y en toda la regi\u00f3n\u201d.<\/p>\n\n\n\n<p>Torres hab\u00eda advertido previamente: \u201cHace pocos d\u00edas, desalojamos a un grupo de&nbsp;<strong>delincuentes<\/strong>&nbsp;que, bajo&nbsp;<strong>falsas banderas,&nbsp;<\/strong>decidieron&nbsp;<strong>usurpar&nbsp;<\/strong>tierras en el Parque Nacional \u2018Los Alerces\u2019, poniendo en riesgo el patrimonio de todos los argentinos. A las pocas horas del desalojo tuvimos tres focos de incendio simult\u00e1neos, uno en Epuy\u00e9n que arras\u00f3 con m\u00e1s de 70 viviendas. Intentaron incendiar tambi\u00e9n la \u2018Estancia Amancay\u2019, en la Cordillera, atacando con bombas molotov y prendiendo fuego toda la maquinaria y los veh\u00edculos del lugar\u201d.<\/p>\n\n\n\n<p>El gobernador de Chubut plante\u00f3: \u201cQue quede claro: este tipo de&nbsp;<strong>atentados&nbsp;<\/strong>no son casuales, sino que obedecen a la planificaci\u00f3n de los mismos delincuentes de siempre, que se amparan en un&nbsp;<strong>sector garantista<\/strong>&nbsp;de la Justicia que les asegura impunidad, con causas que demoran a\u00f1os en ser resueltas. Quiero que todos los chubutenses sepan que<strong>&nbsp;no nos vamos a dejar intimidar&nbsp;<\/strong>por ning\u00fan violento, y que no vamos a descansar tampoco hasta que estos delincuentes est\u00e9n presos y los ciudadanos de bien puedan vivir tranquilos. \u00a1En Chubut la ley se cumple y no les tenemos miedo!\u201d.<\/p>\n","protected":false},"excerpt":{"rendered":"<p>El anuncio del arresto lo hizo Patricia Bullrich. La ministra de Seguridad se\u00f1al\u00f3 que el l\u00edder de Resistencia Ancestral Mapuche intentaba abrir autos. Volvieron a detener al l\u00edder de Resistencia&hellip; <\/p>\n","protected":false},"author":6,"featured_media":185624,"comment_status":"closed","ping_status":"open","sticky":false,"template":"","format":"standard","meta":{"footnotes":""},"categories":[33],"tags":[],"class_list":["post-185622","post","type-post","status-publish","format-standard","has-post-thumbnail","hentry","category-policiales"],"_links":{"self":[{"href":"https:\/\/corrientesdetarde.com\/index.php\/wp-json\/wp\/v2\/posts\/185622","targetHints":{"allow":["GET"]}}],"collection":[{"href":"https:\/\/corrientesdetarde.com\/index.php\/wp-json\/wp\/v2\/posts"}],"about":[{"href":"https:\/\/corrientesdetarde.com\/index.php\/wp-json\/wp\/v2\/types\/post"}],"author":[{"embeddable":true,"href":"https:\/\/corrientesdetarde.com\/index.php\/wp-json\/wp\/v2\/users\/6"}],"replies":[{"embeddable":true,"href":"https:\/\/corrientesdetarde.com\/index.php\/wp-json\/wp\/v2\/comments?post=185622"}],"version-history":[{"count":2,"href":"https:\/\/corrientesdetarde.com\/index.php\/wp-json\/wp\/v2\/posts\/185622\/revisions"}],"predecessor-version":[{"id":185627,"href":"https:\/\/corrientesdetarde.com\/index.php\/wp-json\/wp\/v2\/posts\/185622\/revisions\/185627"}],"wp:featuredmedia":[{"embeddable":true,"href":"https:\/\/corrientesdetarde.com\/index.php\/wp-json\/wp\/v2\/media\/185624"}],"wp:attachment":[{"href":"https:\/\/corrientesdetarde.com\/index.php\/wp-json\/wp\/v2\/media?parent=185622"}],"wp:term":[{"taxonomy":"category","embeddable":true,"href":"https:\/\/corrientesdetarde.com\/index.php\/wp-json\/wp\/v2\/categories?post=185622"},{"taxonomy":"post_tag","embeddable":true,"href":"https:\/\/corrientesdetarde.com\/index.php\/wp-json\/wp\/v2\/tags?post=185622"}],"curies":[{"name":"wp","href":"https:\/\/api.w.org\/{rel}","templated":true}]}}