{"id":185629,"date":"2025-01-19T21:32:00","date_gmt":"2025-01-20T00:32:00","guid":{"rendered":"https:\/\/corrientesdetarde.com\/?p=185629"},"modified":"2025-01-19T20:38:03","modified_gmt":"2025-01-19T23:38:03","slug":"celeste-cid-confirmo-su-noviazgo-con-santiago-korovsky-en-su-cumpleanos","status":"publish","type":"post","link":"https:\/\/corrientesdetarde.com\/index.php\/espectaculos\/celeste-cid-confirmo-su-noviazgo-con-santiago-korovsky-en-su-cumpleanos\/","title":{"rendered":"Celeste Cid confirm\u00f3 su noviazgo con Santiago Korovsky en su cumplea\u00f1os."},"content":{"rendered":"\n<h2 class=\"wp-block-heading\">El actor de Divisi\u00f3n Palermo comparti\u00f3 divertidos mensajes para la actriz al oficializar su relaci\u00f3n. El tierno video de ella al soplar las velitas por sus 41 a\u00f1os.<\/h2>\n\n\n\n<p>Desde\u00a0hace casi un a\u00f1o Celeste Cid y Santiago Korovsky, el protagonista y creador de\u00a0la serie\u00a0<strong>Divisi\u00f3n Palermo<\/strong>\u00a0que gan\u00f3 un Emmy Internacional, son vinculados sentimentalmente. Sin embargo, en el cumplea\u00f1os de la actriz confirmaron su noviazgo.<\/p>\n\n\n\n<p>Celeste cumpli\u00f3 41 a\u00f1os y en sus redes replic\u00f3 los mensajes que le fueron llegando de amigos y colegas del medio art\u00edstico. Pero unos muy especiales sirvieron para que la protagonista de&nbsp;<em>Planners<\/em>&nbsp;comparta su felicidad por su buen momento sentimental.<\/p>\n\n\n\n<p><strong>\u201cFeliz cumple\u201d<\/strong>, public\u00f3 el actor en sus stories de Instagram junto a una bella postal en la que aparece ella sonriente rodeada de plantas, que remat\u00f3 con un coraz\u00f3n celeste. Mientras que en otras de sus publicaciones mostr\u00f3 momentos de su intimidad y hasta brome\u00f3 con su relaci\u00f3n amorosa.<\/p>\n\n\n\n<figure class=\"wp-block-image size-large\"><img loading=\"lazy\" decoding=\"async\" width=\"576\" height=\"1024\" src=\"https:\/\/corrientesdetarde.com\/wp-content\/uploads\/2025\/01\/image-256-576x1024.png\" alt=\"\" class=\"wp-image-185632\" srcset=\"https:\/\/corrientesdetarde.com\/wp-content\/uploads\/2025\/01\/image-256-576x1024.png 576w, https:\/\/corrientesdetarde.com\/wp-content\/uploads\/2025\/01\/image-256-169x300.png 169w, https:\/\/corrientesdetarde.com\/wp-content\/uploads\/2025\/01\/image-256-768x1366.png 768w, https:\/\/corrientesdetarde.com\/wp-content\/uploads\/2025\/01\/image-256-864x1536.png 864w, https:\/\/corrientesdetarde.com\/wp-content\/uploads\/2025\/01\/image-256.png 992w\" sizes=\"auto, (max-width: 576px) 100vw, 576px\" \/><\/figure>\n\n\n\n<p>Santiago comparti\u00f3 una foto de su sombra con la de la actriz, en la que aparecen abrazados, y superpuso la tapa de un libro. \u00bfEl t\u00edtulo?&nbsp;<strong>\u201cEl segundo robo del siglo\u201d<\/strong>. Un divertido mensaje sobre una relaci\u00f3n que parecer\u00eda tener m\u00e1s de un a\u00f1o.&nbsp;<strong>\u201cSe\u00f1or y se\u00f1ora Smith\u201d<\/strong>, agreg\u00f3 ella, sigui\u00e9ndolo y aludiendo a la pel\u00edcula que protagonizaron Brad Pitt y Angelina Jolie.<\/p>\n\n\n\n<p><strong>\u201cQu\u00e9 lindo verte re\u00edr en los momentos m\u00e1s raros\u201d<\/strong>, escribi\u00f3 \u00e9l junto a una postal en la que a ella le estaban tomando la presi\u00f3n.&nbsp;<strong>\u201cMi seguro m\u00e9dico de confianza\u201d<\/strong>, sum\u00f3 Celeste, encantada.<\/p>\n\n\n\n<p>Adem\u00e1s, la protagonista de\u00a0<em>Las Estrellas\u00a0<\/em>y\u00a0<em>Para vestir santos<\/em>\u00a0mostr\u00f3 c\u00f3mo fue el momento en el que sopl\u00f3 las velitas, no de una sino de dos tortas. \u201c\u00bfEn qu\u00e9 momento?\u201d, se pregunt\u00f3. \u201cRevoluci\u00f3n solar con la luna en virgo y el stellium en piscis, yendo\u201d, escribi\u00f3, sobre su momento astrol\u00f3gico.<\/p>\n\n\n\n<figure class=\"wp-block-image size-large\"><img loading=\"lazy\" decoding=\"async\" width=\"576\" height=\"1024\" src=\"https:\/\/corrientesdetarde.com\/wp-content\/uploads\/2025\/01\/image-257-576x1024.png\" alt=\"\" class=\"wp-image-185633\" srcset=\"https:\/\/corrientesdetarde.com\/wp-content\/uploads\/2025\/01\/image-257-576x1024.png 576w, https:\/\/corrientesdetarde.com\/wp-content\/uploads\/2025\/01\/image-257-169x300.png 169w, https:\/\/corrientesdetarde.com\/wp-content\/uploads\/2025\/01\/image-257-768x1366.png 768w, https:\/\/corrientesdetarde.com\/wp-content\/uploads\/2025\/01\/image-257-864x1536.png 864w, https:\/\/corrientesdetarde.com\/wp-content\/uploads\/2025\/01\/image-257.png 992w\" sizes=\"auto, (max-width: 576px) 100vw, 576px\" \/><\/figure>\n\n\n\n<p>All\u00ed se la ve exultante, feliz y rodeada de sus seres queridos, mientras le pide a su hijo m\u00e1s chico, Ant\u00f3n, que sople las velitas. El detalle es que el nene apareci\u00f3 a trav\u00e9s de una videollamada, como part\u00edcipe del festejo aunque se encontraba en otro lugar.&nbsp;<strong>\u201c\u00a1Sopl\u00e1 conmigo! \u00a1Dale!\u201c,<\/strong>&nbsp;le pide al ni\u00f1o que en la pantalla de su celular aparec\u00eda con un filtro que le cambiaba la cara.<\/p>\n\n\n\n<p>A tono con las temperaturas de estos d\u00edas, despu\u00e9s de las doce de la noche, Celeste aparece en las im\u00e1genes con un atuendo bien de verano: de bikini para la parte de arriba y con un short para abajo.<\/p>\n\n\n\n<p>Entre los saludos de cumplea\u00f1os que recibi\u00f3 Celeste Cid aparecen mensajes de Nancy Dupl\u00e1a, Mariana Fabbiani, Benjam\u00edn Vicu\u00f1a, Julieta Nair Calvo, Mart\u00edn Garabal, Julieta Zylberberg, D\u00e9bora del Corral, Stefi Roitman, Daniela Herrero, entre muchas otras figuras.<\/p>\n\n\n\n<figure class=\"wp-block-image size-large\"><img loading=\"lazy\" decoding=\"async\" width=\"576\" height=\"1024\" src=\"https:\/\/corrientesdetarde.com\/wp-content\/uploads\/2025\/01\/image-258-576x1024.png\" alt=\"\" class=\"wp-image-185634\" srcset=\"https:\/\/corrientesdetarde.com\/wp-content\/uploads\/2025\/01\/image-258-576x1024.png 576w, https:\/\/corrientesdetarde.com\/wp-content\/uploads\/2025\/01\/image-258-169x300.png 169w, https:\/\/corrientesdetarde.com\/wp-content\/uploads\/2025\/01\/image-258-768x1366.png 768w, https:\/\/corrientesdetarde.com\/wp-content\/uploads\/2025\/01\/image-258-864x1536.png 864w, https:\/\/corrientesdetarde.com\/wp-content\/uploads\/2025\/01\/image-258.png 992w\" sizes=\"auto, (max-width: 576px) 100vw, 576px\" \/><\/figure>\n\n\n\n<p>En octubre del a\u00f1o pasado, durante la avant premiere de la pel\u00edcula<em>&nbsp;Sim\u00f3n de la monta\u00f1a<\/em>, Celeste Cid y Santiago Korovsky se mostraron juntos p\u00fablicamente por primera vez: evitaron hablar de su vida privada, aunque posaron juntos para las c\u00e1maras, se abrazaron y demostraron una evidente complicidad sin desmentir ni confirmar los rumores que los vinculaban sentimentalmente. El evento tuvo lugar en el teatro 25 de Mayo, y ambos llegaron y se retiraron juntos, lo que gener\u00f3 especulaciones sobre un posible romance entre ambos.<\/p>\n\n\n\n<p>Unos meses antes, la expareja de Emanuel Horvilleur y Michel Noher hab\u00eda utilizado su cuenta de Instagram para desmentir con humor los rumores de una relaci\u00f3n con Korovsky, que hab\u00edan sido difundidos en febrero por Maite Pe\u00f1o\u00f1ori. \u201cTranquis, es solo un ami. En realidad estoy saliendo con Mart\u00edn Piroyansky\u201d, escribi\u00f3 en referencia al actor que suele ser confundido con Korovsky. Esta declaraci\u00f3n fue suficiente en su momento para calmar las especulaciones.<\/p>\n\n\n\n<p>\u00c9l acompa\u00f1\u00f3 a la actriz en todo momento durante la presentaci\u00f3n de la pel\u00edcula protagonizada por Lorenzo Toto Ferro. La cercan\u00eda entre ambos en la velada aviv\u00f3 nuevamente los rumores de romance y ahora el cumplea\u00f1os de Celeste sirvi\u00f3 para que puedan, finalmente, compartir la noticia de su amor.<\/p>\n","protected":false},"excerpt":{"rendered":"<p>El actor de Divisi\u00f3n Palermo comparti\u00f3 divertidos mensajes para la actriz al oficializar su relaci\u00f3n. El tierno video de ella al soplar las velitas por sus 41 a\u00f1os. Desde\u00a0hace casi&hellip; <\/p>\n","protected":false},"author":6,"featured_media":185635,"comment_status":"closed","ping_status":"open","sticky":false,"template":"","format":"standard","meta":{"footnotes":""},"categories":[19],"tags":[],"class_list":["post-185629","post","type-post","status-publish","format-standard","has-post-thumbnail","hentry","category-espectaculos"],"_links":{"self":[{"href":"https:\/\/corrientesdetarde.com\/index.php\/wp-json\/wp\/v2\/posts\/185629","targetHints":{"allow":["GET"]}}],"collection":[{"href":"https:\/\/corrientesdetarde.com\/index.php\/wp-json\/wp\/v2\/posts"}],"about":[{"href":"https:\/\/corrientesdetarde.com\/index.php\/wp-json\/wp\/v2\/types\/post"}],"author":[{"embeddable":true,"href":"https:\/\/corrientesdetarde.com\/index.php\/wp-json\/wp\/v2\/users\/6"}],"replies":[{"embeddable":true,"href":"https:\/\/corrientesdetarde.com\/index.php\/wp-json\/wp\/v2\/comments?post=185629"}],"version-history":[{"count":1,"href":"https:\/\/corrientesdetarde.com\/index.php\/wp-json\/wp\/v2\/posts\/185629\/revisions"}],"predecessor-version":[{"id":185636,"href":"https:\/\/corrientesdetarde.com\/index.php\/wp-json\/wp\/v2\/posts\/185629\/revisions\/185636"}],"wp:featuredmedia":[{"embeddable":true,"href":"https:\/\/corrientesdetarde.com\/index.php\/wp-json\/wp\/v2\/media\/185635"}],"wp:attachment":[{"href":"https:\/\/corrientesdetarde.com\/index.php\/wp-json\/wp\/v2\/media?parent=185629"}],"wp:term":[{"taxonomy":"category","embeddable":true,"href":"https:\/\/corrientesdetarde.com\/index.php\/wp-json\/wp\/v2\/categories?post=185629"},{"taxonomy":"post_tag","embeddable":true,"href":"https:\/\/corrientesdetarde.com\/index.php\/wp-json\/wp\/v2\/tags?post=185629"}],"curies":[{"name":"wp","href":"https:\/\/api.w.org\/{rel}","templated":true}]}}