{"id":185637,"date":"2025-01-19T21:48:00","date_gmt":"2025-01-20T00:48:00","guid":{"rendered":"https:\/\/corrientesdetarde.com\/?p=185637"},"modified":"2025-01-19T20:48:41","modified_gmt":"2025-01-19T23:48:41","slug":"kicillof-presiona-al-pj-para-formar-una-nueva-alianza-opositora","status":"publish","type":"post","link":"https:\/\/corrientesdetarde.com\/index.php\/politica\/kicillof-presiona-al-pj-para-formar-una-nueva-alianza-opositora\/","title":{"rendered":"Kicillof presiona al PJ para formar una nueva alianza opositora."},"content":{"rendered":"\n<h2 class=\"wp-block-heading\">\u201cBuscamos la unidad del campo popular, no solo del PJ\u201d, dijo en un evento en Cochic\u00f3, en un mensaje a la interna partidaria. El gobernador bonaerense visit\u00f3 la sexta secci\u00f3n electoral y critic\u00f3 a Javier Milei.<\/h2>\n\n\n\n<p>Alejado de\u00a0<strong>Cristina Kirchner y M\u00e1ximo Kirchner\u00a0<\/strong>y lanzado a la campa\u00f1a electoral,\u00a0<strong>Axel Kicillof\u00a0<\/strong>insisti\u00f3 en que\u00a0<strong>el Partido Justicialista debe ampliar la convocatoria<\/strong>\u00a0a todos los dirigentes\u00a0<strong>opositores a\u00a0Javier Milei<\/strong>.\u00a0El<strong>\u00a0mensaje fue directo\u00a0<\/strong>al Instituto Patria y a La C\u00e1mpora. Cerca del gobernador de la provincia de Buenos Aires, est\u00e1n convencidos de que si no cambia la estrategia, la nueva presidencia del peronismo\u00a0<strong>reducir\u00e1 el espacio pol\u00edtico a una expresi\u00f3n netamente kirchnerista.<\/strong><\/p>\n\n\n\n<p>\u201cNosotros<strong>\u00a0buscamos la unidad del campo popular, no solo del peronismo.<\/strong>\u00a0Van a estar todos convocados, quienes se sientan representados. Milei dijo que es un topo que viene a destruir el Estado. Tenemos que impedir que los\u00a0<strong>concejos deliberantes y la Legislatura sean invadidos por quienes piensan que el Estado no tiene que existir.\u00a0<\/strong>Hay que convocar a la dirigencia pol\u00edtica sin discriminar a nadie, este es un frente pol\u00edtico y social que pretende defender m\u00e1s y mejor Estado\u201d, dijo Kicillof en un acto en el balneario Cochic\u00f3.<\/p>\n\n\n\n<p>El gobernador bonaerense centr\u00f3 su agenda de verano en las<strong>\u00a0recorridas por la provincia\u00a0<\/strong>y esta vez fue el turno de la\u00a0<strong>sexta secci\u00f3n electoral,<\/strong>\u00a0con la producci\u00f3n como eje de los debates. Adem\u00e1s, orden\u00f3 a su gabinete -con el que fue escoltado a Cochic\u00f3-\u00a0<strong>seguir recorriendo el territorio<\/strong>, para no ceder espacios de poder ante el despliegue de La Libertad Avanza.<\/p>\n\n\n\n<figure class=\"wp-block-image size-large\"><img loading=\"lazy\" decoding=\"async\" width=\"1024\" height=\"682\" src=\"https:\/\/corrientesdetarde.com\/wp-content\/uploads\/2025\/01\/image-259-1024x682.png\" alt=\"\" class=\"wp-image-185638\" srcset=\"https:\/\/corrientesdetarde.com\/wp-content\/uploads\/2025\/01\/image-259-1024x682.png 1024w, https:\/\/corrientesdetarde.com\/wp-content\/uploads\/2025\/01\/image-259-300x200.png 300w, https:\/\/corrientesdetarde.com\/wp-content\/uploads\/2025\/01\/image-259-768x511.png 768w, https:\/\/corrientesdetarde.com\/wp-content\/uploads\/2025\/01\/image-259.png 1440w\" sizes=\"auto, (max-width: 1024px) 100vw, 1024px\" \/><figcaption class=\"wp-element-caption\">Axel Kicillof inici\u00f3 sus tradicionales conferencias de verano en la sexta secci\u00f3n electoral (Foto: Captura de X\/@Kicillofok).<\/figcaption><\/figure>\n\n\n\n<p>Si el peronismo logra sortear el pase de intendentes al liberalismo libertario -que no pudo evitar el PRO con la salida de Diego Valenzuela, que promete no ser la \u00faltima-, creen que tienen oportunidades para\u00a0<strong>representar a sectores afectados por el ajuste de LLA<\/strong>, que se quedar\u00e1n sin referentes pol\u00edticos en esos territorios. Para el kicillofismo, ampliar el espacio es fundamental para no expulsar a los desencantados con el kirchnerismo.<\/p>\n\n\n\n<h2 class=\"wp-block-heading\">Despliegue territorial y mensajes a la interna<\/h2>\n\n\n\n<p>Si bien Kicillof&nbsp;<strong>analiza desdoblar las elecciones<\/strong>&nbsp;para&nbsp;<em>provincializar<\/em>&nbsp;los debates de la agenda electoral, no desaprovecha oportunidad para polarizar con Milei. El doble juego del gobernador tiene dos instancias electorales en la mira: 2025 y 2027.<\/p>\n\n\n\n<p>El mandatario&nbsp;<strong>necesita ganar las elecciones de 2025&nbsp;<\/strong>en la provincia de Buenos Aires, para intentar equiparar la correlaci\u00f3n de fuerzas en la Legislatura bonaerense, que lo dej\u00f3 sin Presupuesto este a\u00f1o, por la pelea interna con La C\u00e1mpora.<\/p>\n\n\n\n<p>Con ese objetivo, quiere desdoblar las elecciones, para que las ideas y propuestas que se debatan sean netamente provinciales y no se&nbsp;<strong>nacionalice la contienda, como pretende Cristina Kirchner<\/strong>, que -creen- no mira a lo inmediato sino a 2027 y por eso no le preocupa tanto perder estas elecciones medio t\u00e9rmino.<\/p>\n\n\n\n<p>\u201cParece que&nbsp;<strong>algunos se est\u00e1n enamorando o descubriendo las virtudes del negocio de la derrota.&nbsp;<\/strong>Nosotros queremos ganar; el peronismo siempre busca ganar. Entonces hay que consolidar a aquellos que ganan, y Axel es un ganador\u201d, dijo hace unos d\u00edas Andr\u00e9s \u201cCuervo\u201d Larroque en&nbsp;<em>La Tecla<\/em>.<\/p>\n\n\n\n<p>Pero el mandatario bonaerense&nbsp;<strong>tambi\u00e9n tiene como objetivo final 2027.&nbsp;<\/strong>Sabe que confrontar con Milei lo pone en igualdad de condiciones para disputar las elecciones presidenciales y<strong>&nbsp;proyectarse como el \u00fanico opositor&nbsp;<\/strong>real le abrir\u00eda el camino a su candidatura.<\/p>\n\n\n\n<p>\u201cEstamos frente a&nbsp;<strong>un Gobierno nacional que no escucha&nbsp;<\/strong>y que no tiene en su diccionario las palabras producci\u00f3n, industria y trabajo\u201d. \u201cCae el empleo, cae la producci\u00f3n. Milei par\u00f3 toda la obra p\u00fablica. Se perdieron 130 mil puestos de trabajo nacionales y 13 mil empresas fueron sepultadas por el plan de Milei.<strong>&nbsp;\u00bfD\u00f3nde est\u00e1 la fiesta, el \u00e9xito?<\/strong>\u201d. \u201c(Milei) recibe de los timberos y los millonarios, que obviamente est\u00e1n como perros con dos colas, pero el resto de&nbsp;<strong>la econom\u00eda viene en franca decadencia y en franco declive&nbsp;<\/strong>que va a continuar de no cambiar las pol\u00edticas econ\u00f3micas\u201d.&nbsp;<strong>\u201cSon n\u00fameros de tragedia&nbsp;<\/strong>los que est\u00e1 viviendo la producci\u00f3n hoy en la Argentina y en la provincia de Buenos Aires, particularmente\u201d, fueron algunas de las frases de Kicillof de los \u00faltimos d\u00edas.<\/p>\n\n\n\n<p>Seg\u00fan datos de la provincia de Buenos Aires,&nbsp;<strong>desde el 1 de enero al 15 de diciembre llegaron a la costa un 9,2% menos de turistas que en 2024<\/strong>&nbsp;y se registr\u00f3 una ca\u00edda del 14% en el consumo con billeteras virtuales.<\/p>\n","protected":false},"excerpt":{"rendered":"<p>\u201cBuscamos la unidad del campo popular, no solo del PJ\u201d, dijo en un evento en Cochic\u00f3, en un mensaje a la interna partidaria. El gobernador bonaerense visit\u00f3 la sexta secci\u00f3n&hellip; <\/p>\n","protected":false},"author":6,"featured_media":185639,"comment_status":"closed","ping_status":"open","sticky":false,"template":"","format":"standard","meta":{"footnotes":""},"categories":[3],"tags":[],"class_list":["post-185637","post","type-post","status-publish","format-standard","has-post-thumbnail","hentry","category-politica"],"_links":{"self":[{"href":"https:\/\/corrientesdetarde.com\/index.php\/wp-json\/wp\/v2\/posts\/185637","targetHints":{"allow":["GET"]}}],"collection":[{"href":"https:\/\/corrientesdetarde.com\/index.php\/wp-json\/wp\/v2\/posts"}],"about":[{"href":"https:\/\/corrientesdetarde.com\/index.php\/wp-json\/wp\/v2\/types\/post"}],"author":[{"embeddable":true,"href":"https:\/\/corrientesdetarde.com\/index.php\/wp-json\/wp\/v2\/users\/6"}],"replies":[{"embeddable":true,"href":"https:\/\/corrientesdetarde.com\/index.php\/wp-json\/wp\/v2\/comments?post=185637"}],"version-history":[{"count":2,"href":"https:\/\/corrientesdetarde.com\/index.php\/wp-json\/wp\/v2\/posts\/185637\/revisions"}],"predecessor-version":[{"id":185642,"href":"https:\/\/corrientesdetarde.com\/index.php\/wp-json\/wp\/v2\/posts\/185637\/revisions\/185642"}],"wp:featuredmedia":[{"embeddable":true,"href":"https:\/\/corrientesdetarde.com\/index.php\/wp-json\/wp\/v2\/media\/185639"}],"wp:attachment":[{"href":"https:\/\/corrientesdetarde.com\/index.php\/wp-json\/wp\/v2\/media?parent=185637"}],"wp:term":[{"taxonomy":"category","embeddable":true,"href":"https:\/\/corrientesdetarde.com\/index.php\/wp-json\/wp\/v2\/categories?post=185637"},{"taxonomy":"post_tag","embeddable":true,"href":"https:\/\/corrientesdetarde.com\/index.php\/wp-json\/wp\/v2\/tags?post=185637"}],"curies":[{"name":"wp","href":"https:\/\/api.w.org\/{rel}","templated":true}]}}