{"id":185646,"date":"2025-01-20T07:49:18","date_gmt":"2025-01-20T10:49:18","guid":{"rendered":"https:\/\/corrientesdetarde.com\/?p=185646"},"modified":"2025-01-20T07:49:30","modified_gmt":"2025-01-20T10:49:30","slug":"diez-provincias-estan-bajo-alerta-por-tormentas-y-se-espera-un-fuerte-descenso-en-la-temperatura","status":"publish","type":"post","link":"https:\/\/corrientesdetarde.com\/index.php\/clima\/diez-provincias-estan-bajo-alerta-por-tormentas-y-se-espera-un-fuerte-descenso-en-la-temperatura\/","title":{"rendered":"Diez provincias est\u00e1n bajo alerta por tormentas y se espera un fuerte descenso en la temperatura"},"content":{"rendered":"\n<p>Este fin de semana, las temperaturas sufrieron un descenso en varias ciudades que hab\u00edan sido afectadas por la primera ola de calor del a\u00f1o. Pese a que el alivio se comenz\u00f3 a percibir el s\u00e1bado, desde el Servicio Meteorol\u00f3gico Nacional (SMN) anunciaron que diez provincias est\u00e1n bajo alerta por tormentas a lo largo del domingo. Asimismo, pronosticaron una nueva baja en el term\u00f3metro.<\/p>\n\n\n\n<p>Despu\u00e9s de que varias localidades del \u00c1rea Metropolitana de Buenos Aires (AMBA) esperaran la llegada de una lluvia que no fue, el organismo meteorol\u00f3gico advirti\u00f3 que en la regi\u00f3n y el norte bonaerense regir\u00e1 una alerta por tormenta de color amarillo.<\/p>\n\n\n\n<figure class=\"wp-block-image size-full\"><img loading=\"lazy\" decoding=\"async\" width=\"724\" height=\"597\" src=\"https:\/\/corrientesdetarde.com\/wp-content\/uploads\/2025\/01\/image-262.png\" alt=\"\" class=\"wp-image-185656\" srcset=\"https:\/\/corrientesdetarde.com\/wp-content\/uploads\/2025\/01\/image-262.png 724w, https:\/\/corrientesdetarde.com\/wp-content\/uploads\/2025\/01\/image-262-300x247.png 300w\" sizes=\"auto, (max-width: 724px) 100vw, 724px\" \/><\/figure>\n\n\n\n<p>&nbsp;<br>Otras zonas del centro del pa\u00eds tambi\u00e9n se ver\u00e1n afectadas por alerta amarilla, debido a que las autoridades advirtieron que en toda la extensi\u00f3n de la provincia de Entre R\u00edos y Santa Fe, sur y centro de Corrientes, este de C\u00f3rdoba, sur y centro de Santiago del Estero, correr\u00e1n la misma suerte. La misma advertencia se extiende al sur de Catamarca, todo el territorio de Tucum\u00e1n y gran parte de Jujuy y norte de Salta.<\/p>\n\n\n\n<p>Por este motivo, el SMN recomend\u00f3 a los habitantes que eviten sacar la basura, la realizaci\u00f3n de actividades al aire libre y el refugiarse cerca de \u00e1rboles y postes de electricidad que puedan caerse. Adem\u00e1s, se pide evitar la circulaci\u00f3n en playas, r\u00edos, lagunas o piletas y estar atento ante la posible ca\u00edda de granizo.<\/p>\n\n\n\n<p>Despu\u00e9s de varios d\u00edas, en los que la temperatura no descend\u00eda de los 30 grados, este domingo se espera que varias ciudades rompan con la barrera del calor. En el caso de la Ciudad Aut\u00f3noma de Buenos Aires (CABA), el term\u00f3metro se balancear\u00e1 entre una m\u00ednima de 22 grados y una m\u00e1xima de 26 grados, con tormentas aisladas por la ma\u00f1ana, tormentas fuertes por la tarde y lluvias hacia la noche. Mientras que en el Conurbano bonaerense se experimentar\u00e1 un tope de 25 grados.<\/p>\n\n\n\n<p>En casi el resto de las ciudades capitales de la regi\u00f3n pampeana, los meteor\u00f3logos afirmaron que las temperaturas m\u00e1ximas tambi\u00e9n ser\u00e1n menores a los 30\u00b0, como en C\u00f3rdoba, donde la m\u00ednima se ubica en los 14 grados y la m\u00e1xima en los 26.<\/p>\n\n\n\n<p>En Santa Fe el caso es similar, con una temperatura entre los 25\u00b0 y los 21\u00b0. Y Paran\u00e1 casi replicar\u00e1 los mismos valores que los pronosticados para el territorio santafesino, con un grado menos de m\u00ednima. Sin embargo, en la capital pampeana de Santa Rosa la m\u00e1xima para hoy est\u00e1 estimada en 30\u00b0, con una m\u00ednima de 16\u00b0.<\/p>\n\n\n\n<p>En el caso de C\u00f3rdoba, la m\u00ednima se ubicar\u00e1 en los 18 grados y la m\u00e1xima llegar\u00e1 a ascender a los 26 grados; mientras que en Santa Fe se experimentar\u00e1 una m\u00e1xima similar, aunque la m\u00ednima llegar\u00e1 a los 20 grados. Asimismo, la capital de Entre R\u00edos, Paran\u00e1.<\/p>\n\n\n\n<p>En la zona cuyana se siente el alivio, pero en menor medida, ya que algunas ciudades a\u00fan permanecen por igual o encima de los 30 grados. Ese ser\u00e1 el caso de Mendoza, en donde la m\u00e1xima ser\u00e1 de 30\u00b0 y la m\u00ednima de 16\u00b0; San Juan, con un tope m\u00e1ximo de 33\u00b0 y 17\u00b0 de m\u00ednima; y Neuqu\u00e9n, con una variaci\u00f3n entre los 20 y los 35 grados. La Ciudad de San Luis ser\u00e1 la \u00fanica que llegar\u00e1 a tener una m\u00e1xima de 28 grados y una m\u00ednima de 14.<\/p>\n\n\n\n<p>En el noroeste, las ciudades con menor temperatura m\u00e1xima ser\u00e1n Salta y San Salvador de Jujuy, con 27 grados; San Miguel de Tucum\u00e1n y Santiago del Estero, con 28\u00b0; y San Fernando del Valle de Catamarca, con 29\u00b0, ya que en la Ciudad de La Rioja la m\u00e1xima ser\u00e1 de 32 grados.<\/p>\n\n\n\n<p>Por su parte, las capitales del noreste argentino, es decir, Formosa, Resistencia (Chaco), Corrientes y Posadas (Misiones) tendr\u00e1n m\u00e1ximas que no bajar\u00e1n de los 35 grados y m\u00ednimas que podr\u00edan descender hasta los 24 grados. Asimismo, en las cuatro provincias se esperan cielos parcialmente nublados, con la llegada de tormentas aisladas por la tarde noche.<\/p>\n\n\n\n<p>Finalmente, el SMN advirti\u00f3 para ma\u00f1ana que se mantendr\u00e1 la alerta amarilla por tormentas para el norte de Jujuy y Salta. Mientras regir\u00e1 un aviso por fuertes lluvias para el centro y norte de Santa Cruz.<\/p>\n\n\n\n<figure class=\"wp-block-image size-full\"><img loading=\"lazy\" decoding=\"async\" width=\"781\" height=\"342\" src=\"https:\/\/corrientesdetarde.com\/wp-content\/uploads\/2025\/01\/image-263.png\" alt=\"\" class=\"wp-image-185657\" srcset=\"https:\/\/corrientesdetarde.com\/wp-content\/uploads\/2025\/01\/image-263.png 781w, https:\/\/corrientesdetarde.com\/wp-content\/uploads\/2025\/01\/image-263-300x131.png 300w, https:\/\/corrientesdetarde.com\/wp-content\/uploads\/2025\/01\/image-263-768x336.png 768w\" sizes=\"auto, (max-width: 781px) 100vw, 781px\" \/><\/figure>\n","protected":false},"excerpt":{"rendered":"<p>Este fin de semana, las temperaturas sufrieron un descenso en varias ciudades que hab\u00edan sido afectadas por la primera ola de calor del a\u00f1o. Pese a que el alivio se&hellip; <\/p>\n","protected":false},"author":1,"featured_media":140234,"comment_status":"closed","ping_status":"open","sticky":false,"template":"","format":"standard","meta":{"footnotes":""},"categories":[29],"tags":[],"class_list":["post-185646","post","type-post","status-publish","format-standard","has-post-thumbnail","hentry","category-clima"],"_links":{"self":[{"href":"https:\/\/corrientesdetarde.com\/index.php\/wp-json\/wp\/v2\/posts\/185646","targetHints":{"allow":["GET"]}}],"collection":[{"href":"https:\/\/corrientesdetarde.com\/index.php\/wp-json\/wp\/v2\/posts"}],"about":[{"href":"https:\/\/corrientesdetarde.com\/index.php\/wp-json\/wp\/v2\/types\/post"}],"author":[{"embeddable":true,"href":"https:\/\/corrientesdetarde.com\/index.php\/wp-json\/wp\/v2\/users\/1"}],"replies":[{"embeddable":true,"href":"https:\/\/corrientesdetarde.com\/index.php\/wp-json\/wp\/v2\/comments?post=185646"}],"version-history":[{"count":1,"href":"https:\/\/corrientesdetarde.com\/index.php\/wp-json\/wp\/v2\/posts\/185646\/revisions"}],"predecessor-version":[{"id":185658,"href":"https:\/\/corrientesdetarde.com\/index.php\/wp-json\/wp\/v2\/posts\/185646\/revisions\/185658"}],"wp:featuredmedia":[{"embeddable":true,"href":"https:\/\/corrientesdetarde.com\/index.php\/wp-json\/wp\/v2\/media\/140234"}],"wp:attachment":[{"href":"https:\/\/corrientesdetarde.com\/index.php\/wp-json\/wp\/v2\/media?parent=185646"}],"wp:term":[{"taxonomy":"category","embeddable":true,"href":"https:\/\/corrientesdetarde.com\/index.php\/wp-json\/wp\/v2\/categories?post=185646"},{"taxonomy":"post_tag","embeddable":true,"href":"https:\/\/corrientesdetarde.com\/index.php\/wp-json\/wp\/v2\/tags?post=185646"}],"curies":[{"name":"wp","href":"https:\/\/api.w.org\/{rel}","templated":true}]}}