{"id":185750,"date":"2025-01-20T19:22:05","date_gmt":"2025-01-20T22:22:05","guid":{"rendered":"https:\/\/corrientesdetarde.com\/?p=185750"},"modified":"2025-01-20T19:22:17","modified_gmt":"2025-01-20T22:22:17","slug":"entrega-de-ambulancias-estamos-generando-mejoras-y-dando-un-paso-mas-en-la-atencion-aseguro-tassano","status":"publish","type":"post","link":"https:\/\/corrientesdetarde.com\/index.php\/bienestar-y-salud\/entrega-de-ambulancias-estamos-generando-mejoras-y-dando-un-paso-mas-en-la-atencion-aseguro-tassano\/","title":{"rendered":"Entrega de ambulancias: &#8220;Estamos generando mejoras y dando un paso m\u00e1s en la atenci\u00f3n&#8221;, asegur\u00f3 Tassano"},"content":{"rendered":"\n<p><em>Con el objetivo de reforzar el sistema de salud en la ciudad, el intendente hizo entrega de dos ambulancias de \u00faltima tecnolog\u00eda con equipamiento m\u00e9dico extra para brindar mayor asistencia y mejoras a los turistas y vecinos.<\/em><\/p>\n\n\n\n<p>Este lunes en las inmediaciones de la avenida Costanera &#8220;Juan Pablo II&#8221; y General Paz, el intendente Eduardo Tassano encabez\u00f3 el acto de presentaci\u00f3n de dos nuevas ambulancias destinadas a los centros de atenci\u00f3n de la Secretar\u00eda de Salud Municipal. Las mismas son de etapa standard y cuentan con \u00faltima tecnolog\u00eda, adem\u00e1s de equipamiento m\u00e9dico extra para pacientes neonatales, adultos y pedi\u00e1trico.<br>Estas nuevas ambulancias se suman al Servicio de Ambulancia Municipal (Samun) que apunta a mejorar el sistema de servicio en la ciudad en pos de continuar trabajando en conjunto con las dem\u00e1s Salas de Atenci\u00f3n de Corrientes.<br>En la ocasi\u00f3n, estuvieron presentes el viceintendente, Emilio Lanari, el vicegobernador, Pedro Braillard Poccard, el secretario de Coordinaci\u00f3n de Gobierno municipal, Hugo Calvano, dem\u00e1s funcionarios, concejales, personal sanitario, ente otros.<\/p>\n\n\n\n<p>COMPROMISO CON LA SALUD<br>\u201cEsta era una deuda que ten\u00edamos, para seguir generando mejoras en el sistema de salud y dimos un paso m\u00e1s\u201d, coment\u00f3 el intendente en la jornada donde remarc\u00f3 que el objetivo es continuar trabajando para \u201cconstituirnos en la atenci\u00f3n sanitaria como pioneros\u201d.<br>En ese sentido, Tassano indic\u00f3 que la inversi\u00f3n en nuevos \u201cfue posible porque tenemos las cuentas claras y siempre fuimos responsables con el equilibrio presupuestario\u201d y por ello, \u201ccon mucha emoci\u00f3n estamos dando esta ayuda al sistema de salud\u201d porque \u201csabemos que es un servicio que se puso al hombro la atenci\u00f3n\u201d.<\/p>\n\n\n\n<p>MODERNIZACI\u00d3N SANITARIA<br>Por su parte, el secretario de Salud municipal, Rafael Corona expres\u00f3 en la ocasi\u00f3n que \u201cestas ambulancias vienen a sumarse a la flota del Samun que asiste a las diferentes salas y centros de la ciudad\u201d. \u201cEstos son m\u00f3viles equipados que beneficiar\u00e1n a los servicios de emergencia y a las atenciones en las playas\u201d, remarc\u00f3.<br>Adem\u00e1s, insisti\u00f3 que estas acciones aportan a la renovaci\u00f3n del sistema sanitario y que \u201cno solamente servir\u00e1 para el traslado de emergencia sino tambi\u00e9n para otro tipo de atenciones necesarias\u201d.<br>\u201cEsto nos permite avanzar en las atenciones en la ciudad y reforzar las acciones en articulaci\u00f3n con el Gobierno provincial\u201d, cerr\u00f3.<\/p>\n\n\n\n<figure class=\"wp-block-image size-large\"><img loading=\"lazy\" decoding=\"async\" width=\"1024\" height=\"604\" src=\"https:\/\/corrientesdetarde.com\/wp-content\/uploads\/2025\/01\/image-291-1024x604.png\" alt=\"\" class=\"wp-image-185755\" srcset=\"https:\/\/corrientesdetarde.com\/wp-content\/uploads\/2025\/01\/image-291-1024x604.png 1024w, https:\/\/corrientesdetarde.com\/wp-content\/uploads\/2025\/01\/image-291-300x177.png 300w, https:\/\/corrientesdetarde.com\/wp-content\/uploads\/2025\/01\/image-291-768x453.png 768w, https:\/\/corrientesdetarde.com\/wp-content\/uploads\/2025\/01\/image-291.png 1202w\" sizes=\"auto, (max-width: 1024px) 100vw, 1024px\" \/><\/figure>\n\n\n\n<figure class=\"wp-block-embed is-type-video is-provider-youtube wp-block-embed-youtube wp-embed-aspect-16-9 wp-has-aspect-ratio\"><div class=\"wp-block-embed__wrapper\">\n<iframe loading=\"lazy\" title=\"Entrega de ambulancias: &quot;Estamos generando mejoras y dando un paso m\u00e1s&quot;, asegur\u00f3 Tassano\" width=\"1110\" height=\"624\" src=\"https:\/\/www.youtube.com\/embed\/Xb4TCCN1Ziw?feature=oembed\" frameborder=\"0\" allow=\"accelerometer; autoplay; clipboard-write; encrypted-media; gyroscope; picture-in-picture; web-share\" referrerpolicy=\"strict-origin-when-cross-origin\" allowfullscreen><\/iframe>\n<\/div><\/figure>\n","protected":false},"excerpt":{"rendered":"<p>Con el objetivo de reforzar el sistema de salud en la ciudad, el intendente hizo entrega de dos ambulancias de \u00faltima tecnolog\u00eda con equipamiento m\u00e9dico extra para brindar mayor asistencia&hellip; <\/p>\n","protected":false},"author":1,"featured_media":185754,"comment_status":"closed","ping_status":"open","sticky":false,"template":"","format":"standard","meta":{"footnotes":""},"categories":[16],"tags":[],"class_list":["post-185750","post","type-post","status-publish","format-standard","has-post-thumbnail","hentry","category-bienestar-y-salud"],"_links":{"self":[{"href":"https:\/\/corrientesdetarde.com\/index.php\/wp-json\/wp\/v2\/posts\/185750","targetHints":{"allow":["GET"]}}],"collection":[{"href":"https:\/\/corrientesdetarde.com\/index.php\/wp-json\/wp\/v2\/posts"}],"about":[{"href":"https:\/\/corrientesdetarde.com\/index.php\/wp-json\/wp\/v2\/types\/post"}],"author":[{"embeddable":true,"href":"https:\/\/corrientesdetarde.com\/index.php\/wp-json\/wp\/v2\/users\/1"}],"replies":[{"embeddable":true,"href":"https:\/\/corrientesdetarde.com\/index.php\/wp-json\/wp\/v2\/comments?post=185750"}],"version-history":[{"count":1,"href":"https:\/\/corrientesdetarde.com\/index.php\/wp-json\/wp\/v2\/posts\/185750\/revisions"}],"predecessor-version":[{"id":185756,"href":"https:\/\/corrientesdetarde.com\/index.php\/wp-json\/wp\/v2\/posts\/185750\/revisions\/185756"}],"wp:featuredmedia":[{"embeddable":true,"href":"https:\/\/corrientesdetarde.com\/index.php\/wp-json\/wp\/v2\/media\/185754"}],"wp:attachment":[{"href":"https:\/\/corrientesdetarde.com\/index.php\/wp-json\/wp\/v2\/media?parent=185750"}],"wp:term":[{"taxonomy":"category","embeddable":true,"href":"https:\/\/corrientesdetarde.com\/index.php\/wp-json\/wp\/v2\/categories?post=185750"},{"taxonomy":"post_tag","embeddable":true,"href":"https:\/\/corrientesdetarde.com\/index.php\/wp-json\/wp\/v2\/tags?post=185750"}],"curies":[{"name":"wp","href":"https:\/\/api.w.org\/{rel}","templated":true}]}}