{"id":185766,"date":"2025-01-20T22:57:23","date_gmt":"2025-01-21T01:57:23","guid":{"rendered":"https:\/\/corrientesdetarde.com\/?p=185766"},"modified":"2025-01-20T22:58:57","modified_gmt":"2025-01-21T01:58:57","slug":"copa-argentina-boca-iria-sin-cavani-debutarian-herrera-y-costa","status":"publish","type":"post","link":"https:\/\/corrientesdetarde.com\/index.php\/deportes\/copa-argentina-boca-iria-sin-cavani-debutarian-herrera-y-costa\/","title":{"rendered":"Copa Argentina: Boca ir\u00eda sin Cavani, debutar\u00edan Herrera y Costa"},"content":{"rendered":"\n<h2 class=\"wp-block-heading\">Este mi\u00e9rcoles el &#8220;Xeneize&#8221; se enfrentar\u00e1 ante Argentino de Monte Ma\u00edz, en Santa Fe, con algunas bajas importantes y nuevos t\u00edtulares en el equipo.<\/h2>\n\n\n\n<p>El goleador uruguayo&nbsp;<strong>Edinson Cavani<\/strong>&nbsp;estar\u00eda en duda para el debut de&nbsp;<strong>Boca&nbsp;<\/strong>por la&nbsp;<strong>Copa Argentina&nbsp;<\/strong>el pr\u00f3ximo mi\u00e9rcoles a las 21.10, en Santa Fe, ante&nbsp;<strong>Argentino de Monte Ma\u00edz<\/strong>.<\/p>\n\n\n\n<p>Todo indicar\u00eda que el delantero posee una dolencia f\u00edsica, lo cual lo llev\u00f3 a entrenarse de forma diferenciada el s\u00e1bado pasado, por lo que el cuerpo t\u00e9cnico desea que mejore f\u00edsicamente pensando en la primera fecha de la&nbsp;<strong>Liga Profesional de F\u00fatbol&nbsp;<\/strong>el domingo 26 de enero ante&nbsp;<strong>Argentinos Juniors&nbsp;<\/strong>en&nbsp;<strong>La<\/strong>&nbsp;<strong>Bombonera.<\/strong><\/p>\n\n\n\n<p>Por otro lado, se prev\u00e9 el debut en el \u201cXeneize\u201d del mediocampista&nbsp;espa\u00f1ol&nbsp;<strong>Ander Herrera<\/strong>&nbsp;\u2013que viene del&nbsp;<strong>Athletic Club de Bilbao-&nbsp;<\/strong>y del defensor&nbsp;<strong>Ayrton Costa<\/strong>&nbsp;\u2013quien lleg\u00f3 proveniente de&nbsp;<strong>Royal Antwerp<\/strong>&nbsp;de B\u00e9lgica-.<\/p>\n\n\n\n<p>Costa jugar\u00eda en reemplazo de&nbsp;<strong>Marcos Rojo<\/strong>, afectado por una dolencia en el tal\u00f3n de aquiles izquierdo.<\/p>\n\n\n\n<p>Para enfrentar a Argentino de Monte Ma\u00edz, el entrenador&nbsp;<strong>Fernando Gago<\/strong>&nbsp;descart\u00f3 al zaguero&nbsp;<strong>Cristian Lema<\/strong>, que se resinti\u00f3 de una lesi\u00f3n en el tobillo derecho, y su lugar ser\u00e1 ocupado por&nbsp;<strong>Lautaro Di Lollo<\/strong>. La&nbsp;\u00faltima vez que jug\u00f3 en el equipo titular fue el&nbsp;<strong>27 de octubre del 2024<\/strong>, en el empate 1-1 de Boca frente a&nbsp;<strong>Deportivo Riestra&nbsp;<\/strong>en La Bombonera.<\/p>\n\n\n\n<p>El juvenil&nbsp;<strong>Joaqu\u00edn Ruiz,&nbsp;<\/strong>que es muy considerado por Gago, podr\u00eda jugar de volante por izquierda o extremo izquierdo.<\/p>\n\n\n\n<p>Si bien Gago no dio pistas de la probable formaci\u00f3n que enfrentar\u00e1 al equipo cordob\u00e9s, de acuerdo a los \u00faltimos entrenamientos, la probable formaci\u00f3n ser\u00eda: Javier&nbsp;<strong>Garc\u00eda<\/strong>; Luis&nbsp;<strong>Adv\u00edncula<\/strong>, Lautaro&nbsp;<strong>Di&nbsp;Lollo,<\/strong>&nbsp;Ayrton&nbsp;<strong>Costa<\/strong>, Marcelo&nbsp;<strong>Saracchi<\/strong>; Santiago&nbsp;<strong>Dalmasso<\/strong>, Ander&nbsp;<strong>Herrera<\/strong>, Carlos&nbsp;<strong>Palacios<\/strong>; Exequiel&nbsp;<strong>Zeballos<\/strong>, Miguel&nbsp;<strong>Merentiel<\/strong>&nbsp;y Joaqu\u00edn&nbsp;<strong>Ruiz<\/strong>.<\/p>\n\n\n\n<p>Por \u00faltimo, qued\u00f3 confirmado que Boca renov\u00f3 el contrato con la empresa sueca de apuestas deportivas&nbsp;<strong>Bettson<\/strong>, que se sum\u00f3 al club en 2023, y seguir\u00e1 auspiciando la camiseta \u201cXeneize\u201d hasta el&nbsp;<strong>2028.<\/strong><\/p>\n","protected":false},"excerpt":{"rendered":"<p>Este mi\u00e9rcoles el &#8220;Xeneize&#8221; se enfrentar\u00e1 ante Argentino de Monte Ma\u00edz, en Santa Fe, con algunas bajas importantes y nuevos t\u00edtulares en el equipo. El goleador uruguayo&nbsp;Edinson Cavani&nbsp;estar\u00eda en duda&hellip; <\/p>\n","protected":false},"author":4,"featured_media":185817,"comment_status":"closed","ping_status":"open","sticky":false,"template":"","format":"standard","meta":{"footnotes":""},"categories":[4],"tags":[],"class_list":["post-185766","post","type-post","status-publish","format-standard","has-post-thumbnail","hentry","category-deportes"],"_links":{"self":[{"href":"https:\/\/corrientesdetarde.com\/index.php\/wp-json\/wp\/v2\/posts\/185766","targetHints":{"allow":["GET"]}}],"collection":[{"href":"https:\/\/corrientesdetarde.com\/index.php\/wp-json\/wp\/v2\/posts"}],"about":[{"href":"https:\/\/corrientesdetarde.com\/index.php\/wp-json\/wp\/v2\/types\/post"}],"author":[{"embeddable":true,"href":"https:\/\/corrientesdetarde.com\/index.php\/wp-json\/wp\/v2\/users\/4"}],"replies":[{"embeddable":true,"href":"https:\/\/corrientesdetarde.com\/index.php\/wp-json\/wp\/v2\/comments?post=185766"}],"version-history":[{"count":3,"href":"https:\/\/corrientesdetarde.com\/index.php\/wp-json\/wp\/v2\/posts\/185766\/revisions"}],"predecessor-version":[{"id":185820,"href":"https:\/\/corrientesdetarde.com\/index.php\/wp-json\/wp\/v2\/posts\/185766\/revisions\/185820"}],"wp:featuredmedia":[{"embeddable":true,"href":"https:\/\/corrientesdetarde.com\/index.php\/wp-json\/wp\/v2\/media\/185817"}],"wp:attachment":[{"href":"https:\/\/corrientesdetarde.com\/index.php\/wp-json\/wp\/v2\/media?parent=185766"}],"wp:term":[{"taxonomy":"category","embeddable":true,"href":"https:\/\/corrientesdetarde.com\/index.php\/wp-json\/wp\/v2\/categories?post=185766"},{"taxonomy":"post_tag","embeddable":true,"href":"https:\/\/corrientesdetarde.com\/index.php\/wp-json\/wp\/v2\/tags?post=185766"}],"curies":[{"name":"wp","href":"https:\/\/api.w.org\/{rel}","templated":true}]}}