{"id":185768,"date":"2025-01-20T19:46:46","date_gmt":"2025-01-20T22:46:46","guid":{"rendered":"https:\/\/corrientesdetarde.com\/?p=185768"},"modified":"2025-01-20T19:47:23","modified_gmt":"2025-01-20T22:47:23","slug":"paso-de-la-patria-vendedores-ambulantes-agredieron-violentamente-a-un-joven-con-retraso-madurativo","status":"publish","type":"post","link":"https:\/\/corrientesdetarde.com\/index.php\/policiales\/paso-de-la-patria-vendedores-ambulantes-agredieron-violentamente-a-un-joven-con-retraso-madurativo\/","title":{"rendered":"Paso de la Patria: vendedores ambulantes agredieron violentamente a un joven con retraso madurativo"},"content":{"rendered":"\n<p>El lamentable hecho se registr\u00f3 durante el pasado lunes 13 y se viraliz\u00f3. La familia present\u00f3 la denuncia policial.<\/p>\n\n\n\n<p>En Paso de la Patria se registr\u00f3 un preocupante hecho entre vendedores ambulantes que termin\u00f3 con un joven agredido. La madre de la v\u00edctima dio detalles de lo ocurrido.<\/p>\n\n\n\n<p>Silvana Paola Ar\u00e9valo, explic\u00f3 que su hijo estaba trabajando en la villa tur\u00edstica. El pasado lunes 13 en una transitada esquina, otros lo echaron de donde estaba.<\/p>\n\n\n\n<p>El joven de 20 a\u00f1os con retraso madurativo se neg\u00f3. &#8220;No entend\u00eda por qu\u00e9 lo echaban si \u00e9l no estaba haciendo nada malo&#8221;, detall\u00f3.<\/p>\n\n\n\n<p>Es por ello que los otros lo agredieron violentamente en patota. Le produjeron heridas en la cara que requirieron atenci\u00f3n m\u00e9dica.<\/p>\n\n\n\n<p>El muchacho solo quer\u00eda trabajar para ayudar en la casa. Por el hecho se present\u00f3 la denuncia policial correspondiente.<\/p>\n","protected":false},"excerpt":{"rendered":"<p>El lamentable hecho se registr\u00f3 durante el pasado lunes 13 y se viraliz\u00f3. La familia present\u00f3 la denuncia policial. En Paso de la Patria se registr\u00f3 un preocupante hecho entre&hellip; <\/p>\n","protected":false},"author":4,"featured_media":185792,"comment_status":"closed","ping_status":"open","sticky":false,"template":"","format":"standard","meta":{"footnotes":""},"categories":[33],"tags":[],"class_list":["post-185768","post","type-post","status-publish","format-standard","has-post-thumbnail","hentry","category-policiales"],"_links":{"self":[{"href":"https:\/\/corrientesdetarde.com\/index.php\/wp-json\/wp\/v2\/posts\/185768","targetHints":{"allow":["GET"]}}],"collection":[{"href":"https:\/\/corrientesdetarde.com\/index.php\/wp-json\/wp\/v2\/posts"}],"about":[{"href":"https:\/\/corrientesdetarde.com\/index.php\/wp-json\/wp\/v2\/types\/post"}],"author":[{"embeddable":true,"href":"https:\/\/corrientesdetarde.com\/index.php\/wp-json\/wp\/v2\/users\/4"}],"replies":[{"embeddable":true,"href":"https:\/\/corrientesdetarde.com\/index.php\/wp-json\/wp\/v2\/comments?post=185768"}],"version-history":[{"count":1,"href":"https:\/\/corrientesdetarde.com\/index.php\/wp-json\/wp\/v2\/posts\/185768\/revisions"}],"predecessor-version":[{"id":185793,"href":"https:\/\/corrientesdetarde.com\/index.php\/wp-json\/wp\/v2\/posts\/185768\/revisions\/185793"}],"wp:featuredmedia":[{"embeddable":true,"href":"https:\/\/corrientesdetarde.com\/index.php\/wp-json\/wp\/v2\/media\/185792"}],"wp:attachment":[{"href":"https:\/\/corrientesdetarde.com\/index.php\/wp-json\/wp\/v2\/media?parent=185768"}],"wp:term":[{"taxonomy":"category","embeddable":true,"href":"https:\/\/corrientesdetarde.com\/index.php\/wp-json\/wp\/v2\/categories?post=185768"},{"taxonomy":"post_tag","embeddable":true,"href":"https:\/\/corrientesdetarde.com\/index.php\/wp-json\/wp\/v2\/tags?post=185768"}],"curies":[{"name":"wp","href":"https:\/\/api.w.org\/{rel}","templated":true}]}}