{"id":185769,"date":"2025-01-20T19:39:55","date_gmt":"2025-01-20T22:39:55","guid":{"rendered":"https:\/\/corrientesdetarde.com\/?p=185769"},"modified":"2025-01-20T19:42:54","modified_gmt":"2025-01-20T22:42:54","slug":"valdes-anuncio-que-la-provincia-esta-finalizando-66-nuevas-viviendas-en-curuzu-cuatia","status":"publish","type":"post","link":"https:\/\/corrientesdetarde.com\/index.php\/locales\/valdes-anuncio-que-la-provincia-esta-finalizando-66-nuevas-viviendas-en-curuzu-cuatia\/","title":{"rendered":"Vald\u00e9s anunci\u00f3 que la Provincia est\u00e1 finalizando 66 nuevas viviendas en Curuz\u00fa Cuati\u00e1"},"content":{"rendered":"\n<p>El gobernador Gustavo Vald\u00e9s, este lunes, a trav\u00e9s de sus redes sociales comunic\u00f3 que se est\u00e1 \u201cconcluyendo la construcci\u00f3n de 66 nuevas viviendas en Curuz\u00fa Cuati\u00e1\u201d, y resalt\u00f3 que \u201c10 de ellas del programa O\u00f1ondiv\u00e9, que incluyen obras complementarias como arbolado y alumbrado p\u00fablico\u201d.<\/p>\n\n\n\n<p>Cabe destacar, que el Plan Provincial de&nbsp;<strong>O\u00f1ondiv\u00e9<\/strong>se administra y gestiona a trav\u00e9s del Instituto de Vivienda de Corrientes en coordinaci\u00f3n con los Municipios. Quienes aportan terrenos de su propiedad, dotados de infraestructura b\u00e1sica y aseguran la provisi\u00f3n de mano de obra para la ejecuci\u00f3n de los m\u00f3dulos b\u00e1sicos.&nbsp;A trav\u00e9s del aporte del Ministerio de Desarrollo Social, las viviendas se entregan totalmente amobladas, y con electrodom\u00e9sticos.<\/p>\n\n\n\n<p>Por \u00faltimo, el Mandatario remarc\u00f3 que \u201cseguimos invirtiendo en un futuro con m\u00e1s oportunidades para todos los correntinos\u201d.&nbsp;De esta manera, se concreta, paso a paso, las pol\u00edticas p\u00fablicas propuestas por esta gesti\u00f3n.<\/p>\n","protected":false},"excerpt":{"rendered":"<p>El gobernador Gustavo Vald\u00e9s, este lunes, a trav\u00e9s de sus redes sociales comunic\u00f3 que se est\u00e1 \u201cconcluyendo la construcci\u00f3n de 66 nuevas viviendas en Curuz\u00fa Cuati\u00e1\u201d, y resalt\u00f3 que \u201c10&hellip; <\/p>\n","protected":false},"author":4,"featured_media":185788,"comment_status":"closed","ping_status":"open","sticky":false,"template":"","format":"standard","meta":{"footnotes":""},"categories":[8],"tags":[],"class_list":["post-185769","post","type-post","status-publish","format-standard","has-post-thumbnail","hentry","category-locales"],"_links":{"self":[{"href":"https:\/\/corrientesdetarde.com\/index.php\/wp-json\/wp\/v2\/posts\/185769","targetHints":{"allow":["GET"]}}],"collection":[{"href":"https:\/\/corrientesdetarde.com\/index.php\/wp-json\/wp\/v2\/posts"}],"about":[{"href":"https:\/\/corrientesdetarde.com\/index.php\/wp-json\/wp\/v2\/types\/post"}],"author":[{"embeddable":true,"href":"https:\/\/corrientesdetarde.com\/index.php\/wp-json\/wp\/v2\/users\/4"}],"replies":[{"embeddable":true,"href":"https:\/\/corrientesdetarde.com\/index.php\/wp-json\/wp\/v2\/comments?post=185769"}],"version-history":[{"count":2,"href":"https:\/\/corrientesdetarde.com\/index.php\/wp-json\/wp\/v2\/posts\/185769\/revisions"}],"predecessor-version":[{"id":185791,"href":"https:\/\/corrientesdetarde.com\/index.php\/wp-json\/wp\/v2\/posts\/185769\/revisions\/185791"}],"wp:featuredmedia":[{"embeddable":true,"href":"https:\/\/corrientesdetarde.com\/index.php\/wp-json\/wp\/v2\/media\/185788"}],"wp:attachment":[{"href":"https:\/\/corrientesdetarde.com\/index.php\/wp-json\/wp\/v2\/media?parent=185769"}],"wp:term":[{"taxonomy":"category","embeddable":true,"href":"https:\/\/corrientesdetarde.com\/index.php\/wp-json\/wp\/v2\/categories?post=185769"},{"taxonomy":"post_tag","embeddable":true,"href":"https:\/\/corrientesdetarde.com\/index.php\/wp-json\/wp\/v2\/tags?post=185769"}],"curies":[{"name":"wp","href":"https:\/\/api.w.org\/{rel}","templated":true}]}}