{"id":185807,"date":"2025-01-20T22:41:12","date_gmt":"2025-01-21T01:41:12","guid":{"rendered":"https:\/\/corrientesdetarde.com\/?p=185807"},"modified":"2025-01-20T22:50:40","modified_gmt":"2025-01-21T01:50:40","slug":"dramatica-advertencia-sobre-los-incendios-en-nahuel-huapi-se-tardara-mas-de-tres-meses-en-detenerlos","status":"publish","type":"post","link":"https:\/\/corrientesdetarde.com\/index.php\/actualidad\/dramatica-advertencia-sobre-los-incendios-en-nahuel-huapi-se-tardara-mas-de-tres-meses-en-detenerlos\/","title":{"rendered":"Dram\u00e1tica advertencia sobre los incendios en Nahuel Huapi: se tardar\u00e1 m\u00e1s de tres meses en detenerlos"},"content":{"rendered":"\n<h2 class=\"wp-block-heading\">El calor con viento amenazan propagar el fuego por las laderas de los cerros con bosque nativo, en cuyo caso un incendio urbano en Bariloche ser\u00eda latente, subray\u00f3 un experto de Greenpeace.<\/h2>\n\n\n\n<p>El coordinador de la campa\u00f1a de bosques de Greenpeace,\u00a0<strong>Hern\u00e1n Giardini,<\/strong>\u00a0pronostic\u00f3 que<strong>\u00a0los incendios en el Parque Nahuel Huapi<\/strong>\u00a0reci\u00e9n se van a parar por completo en abril, y alert\u00f3 que<strong>\u00a0el\u00a0fuego\u00a0amenaza propagarse por las laderas de los cerros con bosque nativo en direcci\u00f3n de\u00a0Bariloche<\/strong>.<\/p>\n\n\n\n<p>\u201cEl peligro de un<strong>&nbsp;incendio urbano&nbsp;<\/strong>es latente\u201d, advirti\u00f3.<\/p>\n\n\n\n<p>Lo supedit\u00f3 a&nbsp;<strong>una situaci\u00f3n de alto nivel de focos en un d\u00eda de mucho calor y viento&nbsp;<\/strong>y puso de relieve que&nbsp;<strong>hace poco se prendi\u00f3 un domo en el cerro Otto<\/strong>, que si no lo apagaban r\u00e1pido,<strong>&nbsp;el fuego agarraba los cipreses y algunos pinos,&nbsp;<\/strong>y &#8220;por ah\u00ed&nbsp;<strong>hubiera terminado en el centro \u2018comi\u00e9ndose\u2019 un mont\u00f3n de casas\u201d.<\/strong><\/p>\n\n\n\n<p>Representante de Greenpeace hace 19 a\u00f1os, habl\u00f3 del tema en el marco de los incendios que azotan en este momento a la zona patag\u00f3nica, tanto\u00a0<strong>en el\u00a0Parque Nacional Nahuel Huapi\u00a0como en Epuy\u00e9n<\/strong>.<\/p>\n\n\n\n<p>Acerca de la pol\u00e9mica sobre el origen de los recurrentes incendios en la Patagonia, el experto desarroll\u00f3: \u201cHay focos, los menos, que tienen que ver con temas naturales, pero\u00a0<strong>el 95% de los casos se vincula a causas humanas.<\/strong>\u00a0Puede ser por negligencia, que es mucha:\u00a0<strong>asados mal apagados, fogatas en sitios que no corresponden, colillas de cigarrillos, quema de residuos forestales<\/strong>.\u00a0Tambi\u00e9n existe un porcentaje de intencionalidad\u201d.<\/p>\n\n\n\n<p>Respecto de esa \u00faltima opci\u00f3n, detall\u00f3: \u201c<strong>Algunos casos tienen que ver con cuestiones psicol\u00f3gicas, por piroman\u00edacos, que hay muchos m\u00e1s de los que imaginamos.<\/strong>&nbsp;Existen estudios acerca de una recurrencia,<strong>&nbsp;con gente que se dedica a prender fuego porque s\u00ed\u201d.<\/strong><\/p>\n\n\n\n<p>Y a\u00f1adi\u00f3: \u201cOtra intencionalidad puede tener que ver con&nbsp;<strong>buscar un cambio de uso de suelo. B\u00e1sicamente, eliminar el bosque con alg\u00fan motivo especulativo, porque no le est\u00e1n permitiendo desforestar\u201d<\/strong>.<\/p>\n\n\n\n<p>Asimismo, en lo que hace a ciertos casos, donde se suele apuntar a un origen vinculado a&nbsp;<strong>conflictos ind\u00edgenas<\/strong>, Giardini opin\u00f3: \u201cLa acusaci\u00f3n que algunos dirigentes pol\u00edticos a veces hacen en relaci\u00f3n a que los incendios los provocan los mapuches es infundada, irresponsable y maliciosa\u201d.<\/p>\n\n\n\n<h3 class=\"wp-block-heading\"><strong>Plantaciones ex\u00f3ticas<\/strong><\/h3>\n\n\n\n<p>Giardini apunt\u00f3 tambi\u00e9n a una cuesti\u00f3n relevante en esta regi\u00f3n: las&nbsp;<strong>plantaciones de ex\u00f3ticas<\/strong>.&nbsp;<\/p>\n\n\n\n<p>&#8220;En el caso de&nbsp;<strong>Epuy\u00e9n<\/strong>, se vio con claridad&nbsp;<strong>c\u00f3mo, por<\/strong>&nbsp;<strong>tener tanto pino en el ejido urbano<\/strong>, se pas\u00f3 a un incendio de magnitud que&nbsp;<strong>en apenas doce horas se llev\u00f3 m\u00e1s de 2.000 hect\u00e1reas<\/strong>\u201d.&nbsp;<\/p>\n\n\n\n<p>El indic\u00f3: \u201cLa tem\u00e1tica, sobre todo en las ciudades patag\u00f3nicas, merece un programa de&nbsp;<strong>reemplazo de los pinos<\/strong>, con el fin de volver a tener&nbsp;<strong>el bosque nativo que hab\u00eda<\/strong>\u201d.<\/p>\n\n\n\n<p>M\u00e1s all\u00e1 de las causas, remarc\u00f3: \u201cQue los focos se conviertan en incendios de magnitudes importantes tiene que ver con que&nbsp;<strong>el sistema actual, tanto a niveles provinciales como nacional<\/strong>,<strong>&nbsp;<\/strong>en general,&nbsp;<strong>no est\u00e1 adaptado a la crisis clim\u00e1tica que estamos sufriendo\u201d<\/strong>.&nbsp;<\/p>\n\n\n\n<p>Apunt\u00f3: \u201cDeber\u00edamos tener&nbsp;<strong>muchos m\u00e1s brigadistas e infraestructura para el ataque r\u00e1pido a los focos\u201d<\/strong>.<\/p>\n\n\n\n<p>Puso como ejemplo que hasta en pa\u00edses m\u00e1s equipados, cuando no se interviene a tiempo,\u00a0<strong>las llamas tampoco pueden frenarse<\/strong>: \u201cEn Estados Unidos, Los \u00c1ngeles est\u00e1 prendida fuego y\u00a0<strong>con toda la\u00a0tecnolog\u00eda\u00a0que tienen no lo pueden parar<\/strong>, porque cuando ya se desat\u00f3 un incendio de magnitudes, apagarlo es pr\u00e1cticamente imposible, y<strong>\u00a0lo que se hace es controlarlo\u201d<\/strong>.\u00a0<\/p>\n\n\n\n<p>Propuso: \u201cHay que tener un&nbsp;<strong>sistema de alerta temprana\u201d<\/strong>.<\/p>\n\n\n\n<h3 class=\"wp-block-heading\">Procedencia del incendio<\/h3>\n\n\n\n<p>Los focos de incendio provienen de<strong>&nbsp;un \u00e1rea de dif\u00edcil acceso, en la Reserva Estricta, dentro de un bosque h\u00famedo y en zonas de pendientes pronunciadas<\/strong>.<\/p>\n\n\n\n<p>La superficie afectada en varios puntos ascend\u00eda, de acuerdo al \u00faltimo parte, a aproximadamente a&nbsp;<strong>4.591 hect\u00e1reas de bosque en total<\/strong>, en&nbsp;<strong>una zona entre Cerro Alcorta y Cerro Colorado, sobre el cerro Basti\u00f3n<\/strong>&nbsp;y&nbsp;<strong>el fondo del Lago Mart\u00edn en un sector afectado por el fuego en 2.022<\/strong>.<\/p>\n\n\n\n<p>En la cola sobre el&nbsp;<strong>Lago Los Manzanos<\/strong>&nbsp;no hubo un avance significativo. En la zona de&nbsp;<strong>Cascada Los Alerces<\/strong>, un equipo del Comit\u00e9 de Emergencia contin\u00faa con&nbsp;<strong>las tareas preventivas y el monitoreo del incendio para proteger a las poblaciones locales<\/strong>.<\/p>\n\n\n\n<p>El acceso al&nbsp;<strong>Circuito Cascada Los Alerces&nbsp;<\/strong>permanec\u00eda restringido, permitiendo solo el paso a veh\u00edculos oficiales y residentes.<\/p>\n\n\n\n<p>Por otro lado, el acceso hacia el&nbsp;<strong>Tronador<\/strong>&nbsp;estaba en permanente observaci\u00f3n.<\/p>\n\n\n\n<p>Desde el&nbsp;<strong>Parque Nahuel Huapi&nbsp;<\/strong>comunicaron que el incendio sigue activo principalmente en&nbsp;<strong>Cerro Colorado, Laguna Quetro y Las Melisas<\/strong>&nbsp;\u201cdonde el fuego se propaga quemando en retroceso\u201d.<\/p>\n\n\n\n<p>En est\u00e1s \u00e1reas,\u00a0<strong>los brigadistas combaten las llamas de manera directa con herramientas manuales y equipos de\u00a0agua\u00a0con la colaboraci\u00f3n de medios a\u00e9reos\u00a0<\/strong>(tanto para el traslado del personal como para lanzamientos de agua).<\/p>\n\n\n\n<p>Al mismo tiempo, en el Cerro Alcorta hay tres\u00a0<strong>guardaparques\u00a0<\/strong>y diez pobladores (cinco de Huala y cinco de Mesa), que est\u00e1n realizando \u201cuna l\u00ednea de penetraci\u00f3n\u201d para que los brigadistas ingresen a realizar las tareas de sofocaci\u00f3n.<\/p>\n\n\n\n<h3 class=\"wp-block-heading\">M\u00e1s de tres semanas de fuego<\/h3>\n\n\n\n<p><strong>El incendio comenz\u00f3 a combatirse el 26 de diciembre<\/strong>, tras registrarse&nbsp;<strong>una considerable cantidad de rayos<\/strong>&nbsp;durante la&nbsp;<strong>tormenta el\u00e9ctrica del 16 de diciembre<\/strong>, lo que se estima como&nbsp;<strong>el origen de los focos<\/strong>.<\/p>\n\n\n\n<p>Desde entonces, cientos de brigadistas han trabajado incansablemente, enfrentando condiciones dif\u00edciles para controlar el avance del fuego, cuya&nbsp;<strong>propagaci\u00f3n se vio favorecida por la actividad el\u00e9ctrica en la zona<\/strong>.<\/p>\n\n\n\n<p>Hasta el momento, el incendio afect\u00f3 una gran superficie, superando las 4.000 hect\u00e1reas quemadas.<\/p>\n\n\n\n<p>La situaci\u00f3n se complic\u00f3 en los \u00faltimos d\u00edas debido a la&nbsp;<strong>llegada de un frente fr\u00edo con vientos fuertes y r\u00e1fagas superiores a los 50 km\/h<\/strong>, lo que intensific\u00f3 el comportamiento del fuego.<\/p>\n\n\n\n<p>En particular, el fuego se concentr\u00f3 en las zonas de&nbsp;<strong>Cerro Colorado y Cerro Basti\u00f3n,&nbsp;<\/strong>generando&nbsp;<strong>grandes columnas de humo visibles en \u00e1reas cercanas como el Lago Steffen y El Manso.&nbsp;<\/strong><\/p>\n","protected":false},"excerpt":{"rendered":"<p>El calor con viento amenazan propagar el fuego por las laderas de los cerros con bosque nativo, en cuyo caso un incendio urbano en Bariloche ser\u00eda latente, subray\u00f3 un experto&hellip; <\/p>\n","protected":false},"author":4,"featured_media":185808,"comment_status":"closed","ping_status":"open","sticky":false,"template":"","format":"standard","meta":{"footnotes":""},"categories":[23],"tags":[],"class_list":["post-185807","post","type-post","status-publish","format-standard","has-post-thumbnail","hentry","category-actualidad"],"_links":{"self":[{"href":"https:\/\/corrientesdetarde.com\/index.php\/wp-json\/wp\/v2\/posts\/185807","targetHints":{"allow":["GET"]}}],"collection":[{"href":"https:\/\/corrientesdetarde.com\/index.php\/wp-json\/wp\/v2\/posts"}],"about":[{"href":"https:\/\/corrientesdetarde.com\/index.php\/wp-json\/wp\/v2\/types\/post"}],"author":[{"embeddable":true,"href":"https:\/\/corrientesdetarde.com\/index.php\/wp-json\/wp\/v2\/users\/4"}],"replies":[{"embeddable":true,"href":"https:\/\/corrientesdetarde.com\/index.php\/wp-json\/wp\/v2\/comments?post=185807"}],"version-history":[{"count":1,"href":"https:\/\/corrientesdetarde.com\/index.php\/wp-json\/wp\/v2\/posts\/185807\/revisions"}],"predecessor-version":[{"id":185809,"href":"https:\/\/corrientesdetarde.com\/index.php\/wp-json\/wp\/v2\/posts\/185807\/revisions\/185809"}],"wp:featuredmedia":[{"embeddable":true,"href":"https:\/\/corrientesdetarde.com\/index.php\/wp-json\/wp\/v2\/media\/185808"}],"wp:attachment":[{"href":"https:\/\/corrientesdetarde.com\/index.php\/wp-json\/wp\/v2\/media?parent=185807"}],"wp:term":[{"taxonomy":"category","embeddable":true,"href":"https:\/\/corrientesdetarde.com\/index.php\/wp-json\/wp\/v2\/categories?post=185807"},{"taxonomy":"post_tag","embeddable":true,"href":"https:\/\/corrientesdetarde.com\/index.php\/wp-json\/wp\/v2\/tags?post=185807"}],"curies":[{"name":"wp","href":"https:\/\/api.w.org\/{rel}","templated":true}]}}