{"id":185812,"date":"2025-01-20T22:54:39","date_gmt":"2025-01-21T01:54:39","guid":{"rendered":"https:\/\/corrientesdetarde.com\/?p=185812"},"modified":"2025-01-20T22:55:11","modified_gmt":"2025-01-21T01:55:11","slug":"javier-milei-felicito-a-donald-trump-y-destaco-la-relacion-entre-ambos-paises-se-profundizara-en-esta-etapa","status":"publish","type":"post","link":"https:\/\/corrientesdetarde.com\/index.php\/internacionales\/javier-milei-felicito-a-donald-trump-y-destaco-la-relacion-entre-ambos-paises-se-profundizara-en-esta-etapa\/","title":{"rendered":"Javier Milei felicit\u00f3 a Donald Trump y destac\u00f3 la relaci\u00f3n entre ambos pa\u00edses: &#8220;Se profundizar\u00e1 en esta etapa&#8221;"},"content":{"rendered":"\n<h2 class=\"wp-block-heading\">El jefe de Estado argentino elogi\u00f3 a su par estadounidense y agradeci\u00f3 haber sido invitado a su segunda asunci\u00f3n.<\/h2>\n\n\n\n<p><strong>El presidente Javier Milei\u00a0<\/strong>felicit\u00f3 este lunes al flamante\u00a0<strong>mandatario de los Estados Unidos, Donald Trump,<\/strong>\u00a0y remarc\u00f3 que la relaci\u00f3n entre ambos pa\u00edses<strong>\u00a0&#8220;es un compromiso que continuar\u00e1 y se profundizar\u00e1 en esta nueva etapa&#8221;.\u00a0<\/strong><\/p>\n\n\n\n<p>Por medio de un texto subido a la red social X (antes Twitter) por la Oficina del Presidente @OPRArgentina, Milei remarc\u00f3 que Trump<strong>&nbsp;&#8220;fue un ejemplo mundial en la lucha contra la casta pol\u00edtica, demostr\u00f3 los efectos positivos de la reducci\u00f3n de impuestos y la eliminaci\u00f3n de regulaciones, y promovi\u00f3 la paz en el mundo&#8221;.<\/strong><\/p>\n\n\n\n<p>&#8220;La oficina del presidente felicita al 47\u00ba presidente de los Estados Unidos Donald J. Trump, y le desea lo mejor en su segundo mandato&#8221;, arranc\u00f3 el texto subido.<\/p>\n\n\n\n<p>Y a\u00f1adi\u00f3:<strong>&nbsp;&#8220;Durante su primera administraci\u00f3n, Trump fue un ejemplo mundial en la lucha contra la casta pol\u00edtica, demostr\u00f3 los efectos positivos de la reducci\u00f3n de impuestos y la eliminaci\u00f3n de regulaciones, y promovi\u00f3 la paz en el mundo. El Mundo Libre suma un l\u00edder fuerte, con la determinaci\u00f3n de proteger los valores de occidente, y se une a la batalla cultural que desde la Rep\u00fablica Argentina venimos dando&#8221;.<\/strong><\/p>\n\n\n\n<p>&#8220;Asimismo, el presidente Javier Milei agradece haber sido invitado de honor a la inauguraci\u00f3n presidencial en el Capitolio de Washington D.C., junto a otros l\u00edderes mundiales&#8221;, precis\u00f3 la cuenta @OPRArgentina.<\/p>\n\n\n\n<p>Y finaliz\u00f3:&nbsp;<strong>&#8220;Desde el 10 de diciembre de 2023, este gobierno ha adoptado una clara postura, aline\u00e1ndose con los Estados Unidos de Am\u00e9rica, un compromiso que continuar\u00e1 y se profundizar\u00e1 en esta nueva etapa. Que las Fuerzas del Cielo nos acompa\u00f1en&#8221;.<\/strong><\/p>\n\n\n\n<figure class=\"wp-block-image size-full\"><img loading=\"lazy\" decoding=\"async\" width=\"773\" height=\"466\" src=\"https:\/\/corrientesdetarde.com\/wp-content\/uploads\/2025\/01\/image-305.png\" alt=\"\" class=\"wp-image-185813\" srcset=\"https:\/\/corrientesdetarde.com\/wp-content\/uploads\/2025\/01\/image-305.png 773w, https:\/\/corrientesdetarde.com\/wp-content\/uploads\/2025\/01\/image-305-300x181.png 300w, https:\/\/corrientesdetarde.com\/wp-content\/uploads\/2025\/01\/image-305-768x463.png 768w\" sizes=\"auto, (max-width: 773px) 100vw, 773px\" \/><\/figure>\n","protected":false},"excerpt":{"rendered":"<p>El jefe de Estado argentino elogi\u00f3 a su par estadounidense y agradeci\u00f3 haber sido invitado a su segunda asunci\u00f3n. El presidente Javier Milei\u00a0felicit\u00f3 este lunes al flamante\u00a0mandatario de los Estados&hellip; <\/p>\n","protected":false},"author":4,"featured_media":185814,"comment_status":"closed","ping_status":"open","sticky":false,"template":"","format":"standard","meta":{"footnotes":""},"categories":[11],"tags":[],"class_list":["post-185812","post","type-post","status-publish","format-standard","has-post-thumbnail","hentry","category-internacionales"],"_links":{"self":[{"href":"https:\/\/corrientesdetarde.com\/index.php\/wp-json\/wp\/v2\/posts\/185812","targetHints":{"allow":["GET"]}}],"collection":[{"href":"https:\/\/corrientesdetarde.com\/index.php\/wp-json\/wp\/v2\/posts"}],"about":[{"href":"https:\/\/corrientesdetarde.com\/index.php\/wp-json\/wp\/v2\/types\/post"}],"author":[{"embeddable":true,"href":"https:\/\/corrientesdetarde.com\/index.php\/wp-json\/wp\/v2\/users\/4"}],"replies":[{"embeddable":true,"href":"https:\/\/corrientesdetarde.com\/index.php\/wp-json\/wp\/v2\/comments?post=185812"}],"version-history":[{"count":1,"href":"https:\/\/corrientesdetarde.com\/index.php\/wp-json\/wp\/v2\/posts\/185812\/revisions"}],"predecessor-version":[{"id":185815,"href":"https:\/\/corrientesdetarde.com\/index.php\/wp-json\/wp\/v2\/posts\/185812\/revisions\/185815"}],"wp:featuredmedia":[{"embeddable":true,"href":"https:\/\/corrientesdetarde.com\/index.php\/wp-json\/wp\/v2\/media\/185814"}],"wp:attachment":[{"href":"https:\/\/corrientesdetarde.com\/index.php\/wp-json\/wp\/v2\/media?parent=185812"}],"wp:term":[{"taxonomy":"category","embeddable":true,"href":"https:\/\/corrientesdetarde.com\/index.php\/wp-json\/wp\/v2\/categories?post=185812"},{"taxonomy":"post_tag","embeddable":true,"href":"https:\/\/corrientesdetarde.com\/index.php\/wp-json\/wp\/v2\/tags?post=185812"}],"curies":[{"name":"wp","href":"https:\/\/api.w.org\/{rel}","templated":true}]}}