{"id":185821,"date":"2025-01-20T23:00:08","date_gmt":"2025-01-21T02:00:08","guid":{"rendered":"https:\/\/corrientesdetarde.com\/?p=185821"},"modified":"2025-01-20T23:08:09","modified_gmt":"2025-01-21T02:08:09","slug":"el-descargo-de-la-china-suarez-tras-enfrentarse-a-wanda-nara","status":"publish","type":"post","link":"https:\/\/corrientesdetarde.com\/index.php\/espectaculos\/el-descargo-de-la-china-suarez-tras-enfrentarse-a-wanda-nara\/","title":{"rendered":"El descargo de la China Su\u00e1rez tras enfrentarse a Wanda Nara"},"content":{"rendered":"\n<h2 class=\"wp-block-heading\">La actriz se refiri\u00f3 al conflicto en el cual se ve envuelta durante los \u00faltimos d\u00edas.<\/h2>\n\n\n\n<p>Tras la pelea que se desat\u00f3 por el cumplea\u00f1os de la hija mayor de&nbsp;<strong>Wanda Nara y Mauro Icardi, Eugenia \u201cLa China\u201d Su\u00e1rez<\/strong>&nbsp;realiz\u00f3 un descargo con su grupo de amigos y dio su opini\u00f3n sobre la difusi\u00f3n de su discusi\u00f3n.&nbsp;<\/p>\n\n\n\n<p>En<strong>&nbsp;<\/strong><strong>DDM<\/strong>&nbsp;dieron a conocer&nbsp;un mensaje que la actriz escribi\u00f3 en un grupo de chat con algunos de sus amigos:&nbsp;<em><strong>&#8220;Tenemos un mensaje que le mand\u00f3 La China a un grupo de amigos que se llama &#8216;Team China'&#8221;,<\/strong><\/em>&nbsp;revel\u00f3&nbsp;<strong>Marina Calabr\u00f3<\/strong>, quien reemplaza a&nbsp;<strong>Mariana Fabbiani<\/strong>.<\/p>\n\n\n\n<p>A continuaci\u00f3n, Santiago Sposato ley\u00f3 las palabras que la China escribi\u00f3 con sus cercanos:&nbsp;<em>\u201cM\u00e1s all\u00e1 de todo&#8230;&nbsp;<strong>\u00a1que cansador leer tantas mentiras, conclusiones agarradas de los pelos, escuchar a los voceros repitiendo cosas como loros y ver im\u00e1genes editadas o audios cortados y manipulados!<\/strong>\u201d,&nbsp;<\/em>dec\u00eda el mensaje<em>.<\/em><\/p>\n\n\n\n<p>Y suma:&nbsp;<em>&#8220;Deseo, de coraz\u00f3n, que todo pase para todos. Nada m\u00e1s feo que esta situaci\u00f3n. Hasta los que no quiere, les deseo que puedan encontrar algo que los haga felices, que puedan estar un d\u00eda sin mediatizar las situaciones y exponiendo a personas que no lo merecen&#8221;.<\/em><\/p>\n\n\n\n<p>El panel de Am\u00e9rica TV analiz\u00f3 que la actriz eligi\u00f3 estrat\u00e9gicamente ese grupo para que sus palabras se difundieran de manera propia, y le llegue el comunicado a alg\u00fan periodista.<\/p>\n","protected":false},"excerpt":{"rendered":"<p>La actriz se refiri\u00f3 al conflicto en el cual se ve envuelta durante los \u00faltimos d\u00edas. Tras la pelea que se desat\u00f3 por el cumplea\u00f1os de la hija mayor de&nbsp;Wanda&hellip; <\/p>\n","protected":false},"author":4,"featured_media":185822,"comment_status":"closed","ping_status":"open","sticky":false,"template":"","format":"standard","meta":{"footnotes":""},"categories":[19],"tags":[],"class_list":["post-185821","post","type-post","status-publish","format-standard","has-post-thumbnail","hentry","category-espectaculos"],"_links":{"self":[{"href":"https:\/\/corrientesdetarde.com\/index.php\/wp-json\/wp\/v2\/posts\/185821","targetHints":{"allow":["GET"]}}],"collection":[{"href":"https:\/\/corrientesdetarde.com\/index.php\/wp-json\/wp\/v2\/posts"}],"about":[{"href":"https:\/\/corrientesdetarde.com\/index.php\/wp-json\/wp\/v2\/types\/post"}],"author":[{"embeddable":true,"href":"https:\/\/corrientesdetarde.com\/index.php\/wp-json\/wp\/v2\/users\/4"}],"replies":[{"embeddable":true,"href":"https:\/\/corrientesdetarde.com\/index.php\/wp-json\/wp\/v2\/comments?post=185821"}],"version-history":[{"count":2,"href":"https:\/\/corrientesdetarde.com\/index.php\/wp-json\/wp\/v2\/posts\/185821\/revisions"}],"predecessor-version":[{"id":185824,"href":"https:\/\/corrientesdetarde.com\/index.php\/wp-json\/wp\/v2\/posts\/185821\/revisions\/185824"}],"wp:featuredmedia":[{"embeddable":true,"href":"https:\/\/corrientesdetarde.com\/index.php\/wp-json\/wp\/v2\/media\/185822"}],"wp:attachment":[{"href":"https:\/\/corrientesdetarde.com\/index.php\/wp-json\/wp\/v2\/media?parent=185821"}],"wp:term":[{"taxonomy":"category","embeddable":true,"href":"https:\/\/corrientesdetarde.com\/index.php\/wp-json\/wp\/v2\/categories?post=185821"},{"taxonomy":"post_tag","embeddable":true,"href":"https:\/\/corrientesdetarde.com\/index.php\/wp-json\/wp\/v2\/tags?post=185821"}],"curies":[{"name":"wp","href":"https:\/\/api.w.org\/{rel}","templated":true}]}}