{"id":185843,"date":"2025-01-21T10:27:47","date_gmt":"2025-01-21T13:27:47","guid":{"rendered":"https:\/\/corrientesdetarde.com\/?p=185843"},"modified":"2025-01-21T10:27:51","modified_gmt":"2025-01-21T13:27:51","slug":"vendedores-ambulantes-atacaron-a-un-joven-con-retraso-madurativo","status":"publish","type":"post","link":"https:\/\/corrientesdetarde.com\/index.php\/policiales\/vendedores-ambulantes-atacaron-a-un-joven-con-retraso-madurativo\/","title":{"rendered":"Vendedores ambulantes atacaron a un joven con retraso madurativo"},"content":{"rendered":"\n<p>&#8220;El lunes 13 a \u00e9l lo agreden y el s\u00e1bado, \u00e9l vuelve a ver a uno de los vendedores que lo agredi\u00f3 en la playa&#8221; cont\u00f3 Silvana sobre la agresi\u00f3n que sufri\u00f3 su hijo. &#8220;Le hicieron tres puntos en la ceja. Ahora, la semana que viene, tiene que ver a su neur\u00f3logo porque est\u00e1 de vacaciones&#8221;, agreg\u00f3.\u00a0<\/p>\n\n\n\n<p><\/p>\n\n\n\n<p>&#8220;\u00c9l tiene un retraso madurativo, es un chico de 22 a\u00f1os, pero su mente parece de un beb\u00e9. La gente que habla con \u00e9l, se dan cuenta de la diferencia. Y \u00e9l le gust\u00f3 vender chip\u00e1 junto a su pap\u00e1&#8221;, asegur\u00f3.&nbsp;<\/p>\n\n\n\n<p>Detall\u00f3 que Alexis &#8220;siempre est\u00e1 vigilado por el pap\u00e1&#8221; y que en el momento de la agresi\u00f3n &#8220;mi marido y \u00e9l, estaban en el sem\u00e1foro y enfrente estaban unos muchachos de chaleco verde, que son trabajadores ambulantes. En un momento, cuando mi marido se va porque le llam\u00f3 un hombre a media cuadra, le dice &#8220;Alexis, quedate ac\u00e1 nom\u00e1s&#8221;, &nbsp;cuando mi marido se va a vender, los tres hombres se cruzan y le dicen a mi hijo &#8220;\u00e1ndate de ac\u00e1, \u00e1ndate de ac\u00e1&#8221;. Mi hijo se corre un poquito m\u00e1s all\u00e1 y le segu\u00edan diciendo &#8220;andate ac\u00e1, andate ac\u00e1&#8221; y le empujaba y el sem\u00e1foro estaba en verde y lo empujaba. Y cuando mi marido vuelve ve que est\u00e1n en su bolsito ah\u00ed, y pega un grito y le ve a mi hijo que se cay\u00f3 ya todo ensangrentado&#8221;.<\/p>\n\n\n\n<p>&#8220;Mi denuncia fue hacia Osvaldo Quintana porque no s\u00e9 el nombre de los otros chicos que trabajan para \u00e9l. Y mi hijo le conoce por cara nom\u00e1s, no sabe los nombres tampoco. Porque \u00e9l apareci\u00f3 en el lugar, no se contact\u00f3 con nosotros, agarr\u00f3 a sus vendedores, los sac\u00f3. Se lo llam\u00f3 para que hable con nosotros, que \u00e9l se haga responsable&#8221;, sostuvo Silvana.&nbsp;<\/p>\n\n\n\n<p>&#8220;\u00c9l se lav\u00f3 la mano cuando yo denunci\u00e9. Se fue a la comisar\u00eda, dio su exposici\u00f3n y le contaron, supuestamente que un tal Maxi, uno de sus vendedores fue el que le hab\u00eda agredido, pero dijo que \u00e9l no sabe el apellido, pero eso es mentira, porque vos ten\u00e9s que darle nombre y apellido a la Municipalidad para poder vender. No puede ir a vender as\u00ed nom\u00e1s. Y ahora mi hijo, el viernes lo volvi\u00f3 a ver vendiendo y le agarr\u00f3 una crisis de nervios ah\u00ed en plena playa&#8221;, explic\u00f3 angustiada.&nbsp;<\/p>\n\n\n\n<p>&#8220;Yo hice eso viral para que todos vean, porque no es justo, porque mi hijo solo quiere vender, no molestaba a nadie y ahora tiene miedo&#8221;, lament\u00f3.&nbsp;<\/p>\n","protected":false},"excerpt":{"rendered":"<p>&#8220;El lunes 13 a \u00e9l lo agreden y el s\u00e1bado, \u00e9l vuelve a ver a uno de los vendedores que lo agredi\u00f3 en la playa&#8221; cont\u00f3 Silvana sobre la agresi\u00f3n&hellip; <\/p>\n","protected":false},"author":1,"featured_media":185868,"comment_status":"closed","ping_status":"open","sticky":false,"template":"","format":"standard","meta":{"footnotes":""},"categories":[33],"tags":[],"class_list":["post-185843","post","type-post","status-publish","format-standard","has-post-thumbnail","hentry","category-policiales"],"_links":{"self":[{"href":"https:\/\/corrientesdetarde.com\/index.php\/wp-json\/wp\/v2\/posts\/185843","targetHints":{"allow":["GET"]}}],"collection":[{"href":"https:\/\/corrientesdetarde.com\/index.php\/wp-json\/wp\/v2\/posts"}],"about":[{"href":"https:\/\/corrientesdetarde.com\/index.php\/wp-json\/wp\/v2\/types\/post"}],"author":[{"embeddable":true,"href":"https:\/\/corrientesdetarde.com\/index.php\/wp-json\/wp\/v2\/users\/1"}],"replies":[{"embeddable":true,"href":"https:\/\/corrientesdetarde.com\/index.php\/wp-json\/wp\/v2\/comments?post=185843"}],"version-history":[{"count":1,"href":"https:\/\/corrientesdetarde.com\/index.php\/wp-json\/wp\/v2\/posts\/185843\/revisions"}],"predecessor-version":[{"id":185869,"href":"https:\/\/corrientesdetarde.com\/index.php\/wp-json\/wp\/v2\/posts\/185843\/revisions\/185869"}],"wp:featuredmedia":[{"embeddable":true,"href":"https:\/\/corrientesdetarde.com\/index.php\/wp-json\/wp\/v2\/media\/185868"}],"wp:attachment":[{"href":"https:\/\/corrientesdetarde.com\/index.php\/wp-json\/wp\/v2\/media?parent=185843"}],"wp:term":[{"taxonomy":"category","embeddable":true,"href":"https:\/\/corrientesdetarde.com\/index.php\/wp-json\/wp\/v2\/categories?post=185843"},{"taxonomy":"post_tag","embeddable":true,"href":"https:\/\/corrientesdetarde.com\/index.php\/wp-json\/wp\/v2\/tags?post=185843"}],"curies":[{"name":"wp","href":"https:\/\/api.w.org\/{rel}","templated":true}]}}