{"id":185855,"date":"2025-01-21T09:44:54","date_gmt":"2025-01-21T12:44:54","guid":{"rendered":"https:\/\/corrientesdetarde.com\/?p=185855"},"modified":"2025-01-21T09:44:59","modified_gmt":"2025-01-21T12:44:59","slug":"colon-debuta-en-la-serie-rio-de-la-plata","status":"publish","type":"post","link":"https:\/\/corrientesdetarde.com\/index.php\/deportes\/colon-debuta-en-la-serie-rio-de-la-plata\/","title":{"rendered":"COL\u00d3N DEBUTA EN LA SERIE R\u00cdO DE LA PLATA"},"content":{"rendered":"\n<p>El conjunto santafesino que milita en la segunda divisi\u00f3n del f\u00fatbol argentino abrir\u00e1 la jornada del martes del torneo de verano en Uruguay.<br>A las 20 hrs enfrentar\u00e1 a Racing Club de Montevideo.<br>En el final de est\u00e9 d\u00eda, desde las 22 hrs Defensor Sporting de Uruguay ser\u00e1 anfitri\u00f3n de Instituto de C\u00f3rdoba.<br>El equipo charr\u00faa viene de soportar una dura derrota con Independiente de Argentina.<br>En tanto, los de la Docta llegan a la disputa despu\u00e9s de haber ca\u00eddo 1 a 0 ante Montevideo Wanderers.<br>Los partidos de la Serie se transmiten por ESPN PREMIUM Y DISNEY<\/p>\n\n\n\n<p><\/p>\n","protected":false},"excerpt":{"rendered":"<p>El conjunto santafesino que milita en la segunda divisi\u00f3n del f\u00fatbol argentino abrir\u00e1 la jornada del martes del torneo de verano en Uruguay.A las 20 hrs enfrentar\u00e1 a Racing Club&hellip; <\/p>\n","protected":false},"author":11,"featured_media":185858,"comment_status":"closed","ping_status":"open","sticky":false,"template":"","format":"standard","meta":{"footnotes":""},"categories":[4],"tags":[],"class_list":["post-185855","post","type-post","status-publish","format-standard","has-post-thumbnail","hentry","category-deportes"],"_links":{"self":[{"href":"https:\/\/corrientesdetarde.com\/index.php\/wp-json\/wp\/v2\/posts\/185855","targetHints":{"allow":["GET"]}}],"collection":[{"href":"https:\/\/corrientesdetarde.com\/index.php\/wp-json\/wp\/v2\/posts"}],"about":[{"href":"https:\/\/corrientesdetarde.com\/index.php\/wp-json\/wp\/v2\/types\/post"}],"author":[{"embeddable":true,"href":"https:\/\/corrientesdetarde.com\/index.php\/wp-json\/wp\/v2\/users\/11"}],"replies":[{"embeddable":true,"href":"https:\/\/corrientesdetarde.com\/index.php\/wp-json\/wp\/v2\/comments?post=185855"}],"version-history":[{"count":2,"href":"https:\/\/corrientesdetarde.com\/index.php\/wp-json\/wp\/v2\/posts\/185855\/revisions"}],"predecessor-version":[{"id":185860,"href":"https:\/\/corrientesdetarde.com\/index.php\/wp-json\/wp\/v2\/posts\/185855\/revisions\/185860"}],"wp:featuredmedia":[{"embeddable":true,"href":"https:\/\/corrientesdetarde.com\/index.php\/wp-json\/wp\/v2\/media\/185858"}],"wp:attachment":[{"href":"https:\/\/corrientesdetarde.com\/index.php\/wp-json\/wp\/v2\/media?parent=185855"}],"wp:term":[{"taxonomy":"category","embeddable":true,"href":"https:\/\/corrientesdetarde.com\/index.php\/wp-json\/wp\/v2\/categories?post=185855"},{"taxonomy":"post_tag","embeddable":true,"href":"https:\/\/corrientesdetarde.com\/index.php\/wp-json\/wp\/v2\/tags?post=185855"}],"curies":[{"name":"wp","href":"https:\/\/api.w.org\/{rel}","templated":true}]}}