{"id":185866,"date":"2025-01-21T10:30:11","date_gmt":"2025-01-21T13:30:11","guid":{"rendered":"https:\/\/corrientesdetarde.com\/?p=185866"},"modified":"2025-01-21T10:30:25","modified_gmt":"2025-01-21T13:30:25","slug":"con-millonaria-carga-de-cocaina-se-dirigia-a-corrientes-y-choco-a-gendarmes-en-un-control","status":"publish","type":"post","link":"https:\/\/corrientesdetarde.com\/index.php\/policiales\/con-millonaria-carga-de-cocaina-se-dirigia-a-corrientes-y-choco-a-gendarmes-en-un-control\/","title":{"rendered":"Con millonaria carga de coca\u00edna se dirig\u00eda a Corrientes y choc\u00f3 a gendarmes en un control"},"content":{"rendered":"\n<p>Un cargamento de 22,240 kilogramos de coca\u00edna fue secuestrado del interior de un autom\u00f3vil, que ten\u00eda como destino la ciudad de Corrientes, en un operativo realizado este lunes por personal del Escuadr\u00f3n 14 &#8220;Las Palmas&#8221; de la Gendarmer\u00eda Nacional.<br>Lo sorprendente result\u00f3 que mientras los efectivos tomaban datos del veh\u00edculo, un Renault Fluence, el chofer aceler\u00f3 de manera abrupta. Embisti\u00f3 a uno de los gendarmes y abandon\u00f3 en el lugar a una mujer que viajaba como acompa\u00f1ante.<\/p>\n\n\n\n<p>Sucedi\u00f3 en un puesto fijo que posee la fuerza federal, en el cruce de las rutas provinciales 3 y 90, precisaron fuentes del caso.<br>Ante la situaci\u00f3n, iniciaron un operativo cerrojo, donde solicitaron adem\u00e1s la colaboraci\u00f3n de la Polic\u00eda del Chaco y de otras unidades operativas de la Gendarmer\u00eda.<\/p>\n\n\n\n<figure class=\"wp-block-image\"><img decoding=\"async\" src=\"https:\/\/pxcdn.ellitoral.com.ar\/litoral\/012025\/1737462304760.jpg?cw=446\" alt=\"Con millonaria carga de coca\u00edna se dirig\u00eda a Corrientes y choc\u00f3 a gendarmes en un control\" title=\"Con millonaria carga de coca\u00edna se dirig\u00eda a Corrientes y choc\u00f3 a gendarmes en un control-\"\/><\/figure>\n\n\n\n<p>Los rastrillajes y seguimientos no tardaron en arrojar resultados positivos al localizar el autom\u00f3vil buscado en un camino vecinal, en jurisdicci\u00f3n de la localidad chaque\u00f1a de Campo Bermejo.<br>Desde el Juzgado y la Fiscal\u00eda Federal de S\u00e1ez Pe\u00f1a se orden\u00f3 la requisa del veh\u00edculo, hall\u00e1ndose un doble piso que abarcaba la zona del acompa\u00f1ante. Los gendarmes extrajeron en total 21 panes o ladrillos prensados, de color amarillo con la peculiaridad de que conten\u00edan la estampa de un delf\u00edn, signo caracter\u00edstico de uno de los carteles m\u00e1s emblem\u00e1ticos que opera en Per\u00fa, Brasil y Argentina.<\/p>\n\n\n\n<figure class=\"wp-block-image\"><img decoding=\"async\" src=\"https:\/\/pxcdn.ellitoral.com.ar\/litoral\/012025\/1737462305709.jpg?cw=807\" alt=\"Con millonaria carga de coca\u00edna se dirig\u00eda a Corrientes y choc\u00f3 a gendarmes en un control\" title=\"Con millonaria carga de coca\u00edna se dirig\u00eda a Corrientes y choc\u00f3 a gendarmes en un control-\"\/><\/figure>\n\n\n\n<p>La sustancia fue sometida a las pruebas de campo que confirmaron que se trataba de clorhidrato de coca\u00edna con un peso total de 22,240 kilogramos.<br>Con respecto al gendarme atropellado, recibi\u00f3 asistencia m\u00e9dica urgente que determin\u00f3 que las lesiones sufridas fueron de caracter leve.<br>En tanto que la Justicia orden\u00f3 la detenci\u00f3n de la mujer, la incautaci\u00f3n de los paquetes hallados, del autom\u00f3vil y de las documentaciones obtenidas.<br>Adem\u00e1s, dispuso otras medidas y tareas de campo para tratar de localizar al narco fugitivo.<\/p>\n","protected":false},"excerpt":{"rendered":"<p>Un cargamento de 22,240 kilogramos de coca\u00edna fue secuestrado del interior de un autom\u00f3vil, que ten\u00eda como destino la ciudad de Corrientes, en un operativo realizado este lunes por personal&hellip; <\/p>\n","protected":false},"author":1,"featured_media":185875,"comment_status":"closed","ping_status":"open","sticky":false,"template":"","format":"standard","meta":{"footnotes":""},"categories":[33],"tags":[],"class_list":["post-185866","post","type-post","status-publish","format-standard","has-post-thumbnail","hentry","category-policiales"],"_links":{"self":[{"href":"https:\/\/corrientesdetarde.com\/index.php\/wp-json\/wp\/v2\/posts\/185866","targetHints":{"allow":["GET"]}}],"collection":[{"href":"https:\/\/corrientesdetarde.com\/index.php\/wp-json\/wp\/v2\/posts"}],"about":[{"href":"https:\/\/corrientesdetarde.com\/index.php\/wp-json\/wp\/v2\/types\/post"}],"author":[{"embeddable":true,"href":"https:\/\/corrientesdetarde.com\/index.php\/wp-json\/wp\/v2\/users\/1"}],"replies":[{"embeddable":true,"href":"https:\/\/corrientesdetarde.com\/index.php\/wp-json\/wp\/v2\/comments?post=185866"}],"version-history":[{"count":1,"href":"https:\/\/corrientesdetarde.com\/index.php\/wp-json\/wp\/v2\/posts\/185866\/revisions"}],"predecessor-version":[{"id":185876,"href":"https:\/\/corrientesdetarde.com\/index.php\/wp-json\/wp\/v2\/posts\/185866\/revisions\/185876"}],"wp:featuredmedia":[{"embeddable":true,"href":"https:\/\/corrientesdetarde.com\/index.php\/wp-json\/wp\/v2\/media\/185875"}],"wp:attachment":[{"href":"https:\/\/corrientesdetarde.com\/index.php\/wp-json\/wp\/v2\/media?parent=185866"}],"wp:term":[{"taxonomy":"category","embeddable":true,"href":"https:\/\/corrientesdetarde.com\/index.php\/wp-json\/wp\/v2\/categories?post=185866"},{"taxonomy":"post_tag","embeddable":true,"href":"https:\/\/corrientesdetarde.com\/index.php\/wp-json\/wp\/v2\/tags?post=185866"}],"curies":[{"name":"wp","href":"https:\/\/api.w.org\/{rel}","templated":true}]}}