{"id":185867,"date":"2025-01-21T10:28:34","date_gmt":"2025-01-21T13:28:34","guid":{"rendered":"https:\/\/corrientesdetarde.com\/?p=185867"},"modified":"2025-01-21T10:28:36","modified_gmt":"2025-01-21T13:28:36","slug":"el-superavit-comercial-historico-de-argentina-en-2024-exito-o-reflejo-de-una-recesion-profunda","status":"publish","type":"post","link":"https:\/\/corrientesdetarde.com\/index.php\/economia\/el-superavit-comercial-historico-de-argentina-en-2024-exito-o-reflejo-de-una-recesion-profunda\/","title":{"rendered":"EL SUPER\u00c1VIT COMERCIAL HIST\u00d3RICO DE ARGENTINA EN 2024: \u00bf\u00c9XITO O REFLEJO DE UNA RECESI\u00d3N PROFUNDA?"},"content":{"rendered":"\n<p>(Corresponsal\u00eda Buenos Aires) &#8211; En un a\u00f1o marcado por tensiones econ\u00f3micas y sociales, la balanza comercial argentina registr\u00f3 un super\u00e1vit r\u00e9cord de 18.899 millones de d\u00f3lares, superando el hist\u00f3rico de 2009 y dejando atr\u00e1s el d\u00e9ficit de 6.900 millones con el que cerr\u00f3 2023. Este hito, celebrado por el gobierno, se presenta como un arma de doble filo, reflejo tanto de un repunte en las exportaciones agropecuarias como de una brusca ca\u00edda en las importaciones debido a la recesi\u00f3n econ\u00f3mica.<\/p>\n\n\n\n<p>El Instituto Nacional de Estad\u00edsticas y Censos (Indec) confirm\u00f3 este lunes que las exportaciones alcanzaron los 79.721 millones de d\u00f3lares, un 19,4% m\u00e1s que en 2023, impulsadas por un crecimiento del 27% en los productos primarios y del 24% en las manufacturas agropecuarias, tras una sequ\u00eda devastadora el a\u00f1o anterior. No obstante, las importaciones cayeron un 17,5%, reflejando la contracci\u00f3n del consumo interno y las dificultades para adquirir insumos estrat\u00e9gicos.<br>\u201cEste super\u00e1vit no es signo de bonanza, sino el resultado de una recesi\u00f3n profunda que contrajo las importaciones\u201d, advirti\u00f3 el economista Pablo Tigani a la AFP. Coincidiendo con esta lectura, el Centro de Econom\u00eda Pol\u00edtica Argentina (CEPA) subray\u00f3 en un informe que la ca\u00edda de las importaciones est\u00e1 directamente vinculada a la menor actividad econ\u00f3mica y al impacto de la devaluaci\u00f3n del peso a finales de 2023.<\/p>\n\n\n\n<p>Hern\u00e1n Letcher, director del CEPA, explic\u00f3 que entre diciembre de 2023 y mayo de 2024, la combinaci\u00f3n de un tipo de cambio competitivo y una fuerte reducci\u00f3n de las compras externas permiti\u00f3 al Banco Central acumular divisas esenciales para estabilizar la econom\u00eda. Sin embargo, este avance tuvo un costo: miles de empleos perdidos, un salto de la pobreza por encima del 50% en el primer semestre y una inflaci\u00f3n anual que, aunque moderada, se mantiene en un elevado 117%.<\/p>\n\n\n\n<p>Desde el Ministerio de Econom\u00eda, la respuesta fue clara. \u201cDurante el primer a\u00f1o de gesti\u00f3n, la balanza comercial arroj\u00f3 un saldo positivo de 18.899 millones de d\u00f3lares\u201d, celebraron a trav\u00e9s de redes sociales. En un contexto de pol\u00edticas de ajuste y control fiscal, el presidente Javier Milei logr\u00f3 tambi\u00e9n reducir el d\u00e9ficit fiscal, cerrando el a\u00f1o con el primer super\u00e1vit en m\u00e1s de una d\u00e9cada.<\/p>\n\n\n\n<p>Brasil, principal socio comercial de Argentina, fue clave en este escenario, concentrando el 17,1% de las exportaciones y el 23,6% de las importaciones. Sin embargo, el intercambio con el gigante sudamericano no logr\u00f3 contrarrestar las tensiones internas.<\/p>\n\n\n\n<p>El super\u00e1vit comercial, aunque hist\u00f3rico, evidencia las complejidades de un modelo econ\u00f3mico basado en restricciones y ajustes. Si bien la mejora en las exportaciones agropecuarias brinda un respiro al sector productivo, el impacto social de la recesi\u00f3n sigue siendo alarmante. Con una pobreza a\u00fan elevada y una actividad econ\u00f3mica retra\u00edda, el desaf\u00edo ser\u00e1 transformar este super\u00e1vit en un motor de crecimiento sostenible, sin desatender las urgencias sociales.<\/p>\n\n\n\n<p>La balanza comercial es positiva, pero el costo humano de este logro plantea una pregunta ineludible: \u00bfes este el camino que puede sostener a un pa\u00eds que busca equilibrio entre la econom\u00eda y su gente? El 2025 ser\u00e1 decisivo para responder esta inc\u00f3gnita.<\/p>\n","protected":false},"excerpt":{"rendered":"<p>(Corresponsal\u00eda Buenos Aires) &#8211; En un a\u00f1o marcado por tensiones econ\u00f3micas y sociales, la balanza comercial argentina registr\u00f3 un super\u00e1vit r\u00e9cord de 18.899 millones de d\u00f3lares, superando el hist\u00f3rico de&hellip; <\/p>\n","protected":false},"author":11,"featured_media":150223,"comment_status":"closed","ping_status":"open","sticky":false,"template":"","format":"standard","meta":{"footnotes":""},"categories":[26,20],"tags":[2516],"class_list":["post-185867","post","type-post","status-publish","format-standard","has-post-thumbnail","hentry","category-destacados","category-economia","tag-superavit"],"_links":{"self":[{"href":"https:\/\/corrientesdetarde.com\/index.php\/wp-json\/wp\/v2\/posts\/185867","targetHints":{"allow":["GET"]}}],"collection":[{"href":"https:\/\/corrientesdetarde.com\/index.php\/wp-json\/wp\/v2\/posts"}],"about":[{"href":"https:\/\/corrientesdetarde.com\/index.php\/wp-json\/wp\/v2\/types\/post"}],"author":[{"embeddable":true,"href":"https:\/\/corrientesdetarde.com\/index.php\/wp-json\/wp\/v2\/users\/11"}],"replies":[{"embeddable":true,"href":"https:\/\/corrientesdetarde.com\/index.php\/wp-json\/wp\/v2\/comments?post=185867"}],"version-history":[{"count":2,"href":"https:\/\/corrientesdetarde.com\/index.php\/wp-json\/wp\/v2\/posts\/185867\/revisions"}],"predecessor-version":[{"id":185873,"href":"https:\/\/corrientesdetarde.com\/index.php\/wp-json\/wp\/v2\/posts\/185867\/revisions\/185873"}],"wp:featuredmedia":[{"embeddable":true,"href":"https:\/\/corrientesdetarde.com\/index.php\/wp-json\/wp\/v2\/media\/150223"}],"wp:attachment":[{"href":"https:\/\/corrientesdetarde.com\/index.php\/wp-json\/wp\/v2\/media?parent=185867"}],"wp:term":[{"taxonomy":"category","embeddable":true,"href":"https:\/\/corrientesdetarde.com\/index.php\/wp-json\/wp\/v2\/categories?post=185867"},{"taxonomy":"post_tag","embeddable":true,"href":"https:\/\/corrientesdetarde.com\/index.php\/wp-json\/wp\/v2\/tags?post=185867"}],"curies":[{"name":"wp","href":"https:\/\/api.w.org\/{rel}","templated":true}]}}