{"id":185870,"date":"2025-01-21T10:32:10","date_gmt":"2025-01-21T13:32:10","guid":{"rendered":"https:\/\/corrientesdetarde.com\/?p=185870"},"modified":"2025-01-21T10:32:22","modified_gmt":"2025-01-21T13:32:22","slug":"por-que-este-verano-parece-haber-menos-mosquitos-y-que-podria-ocurrir-tras-las-lluvias","status":"publish","type":"post","link":"https:\/\/corrientesdetarde.com\/index.php\/bienestar-y-salud\/por-que-este-verano-parece-haber-menos-mosquitos-y-que-podria-ocurrir-tras-las-lluvias\/","title":{"rendered":"Por qu\u00e9 este verano parece haber menos mosquitos y qu\u00e9 podr\u00eda ocurrir tras las lluvias"},"content":{"rendered":"\n<p>En la\u00a0<strong>Argentina<\/strong>\u00a0se han identificado m\u00e1s de 240<strong>\u00a0especies de mosquitos<\/strong>, aunque solo unas pocas representan un riesgo para la salud p\u00fablica al transmitir\u00a0enfermedades\u00a0como el\u00a0<strong>dengue, Zika, chikungu\u00f1a<\/strong>, o la<strong>\u00a0encefalitis equina del Oeste<\/strong>.<\/p>\n\n\n\n<p>Entre las especies se destacan los\u00a0mosquitos\u00a0<em><strong>Aedes albifasciatus<\/strong><\/em>\u00a0y\u00a0<em><strong>Aedes aegypti<\/strong><\/em>, que tienen caracter\u00edsticas y ciclos de vida muy diferentes. Este verano, en zonas como Buenos Aires y el AMBA, se identificaron diferencias con respecto a la presencia de las poblaciones de estos zancudos habituales de ciudades y \u00e1reas suburbanas.<\/p>\n\n\n\n<p>\u201cSeguramente, hay personas que tienen la&nbsp;<strong>sensaci\u00f3n de que hay menos mosquitos<\/strong>&nbsp;este verano en comparaci\u00f3n con el anterior. Eso tiene que ver con que este verano no se est\u00e1 produciendo la invasi\u00f3n de&nbsp;<em><strong>Aedes albifasciatus<\/strong><\/em>&nbsp;que se registr\u00f3 el a\u00f1o pasado\u201d, dijo a&nbsp;<strong>Infobae<\/strong>&nbsp;la doctora&nbsp;<strong>Sylvia Fisher<\/strong>, del&nbsp;<strong>Instituto de Ecolog\u00eda, Gen\u00e9tica y Evoluci\u00f3n de Buenos Aires<\/strong>, que depende del Conicet y la&nbsp;<strong>Facultad de Ciencias Exactas y Naturales de la Universidad de Buenos Aires<\/strong>.<\/p>\n\n\n\n<p>Al ser mosquitos muy visibles por su agresividad y abundancia, se not\u00f3 mucho que los&nbsp;<em><strong>Aedes albifasciatus<\/strong><\/em>&nbsp;estaban en 2024. Pero este a\u00f1o no pasa lo mismo, mencion\u00f3. En cambio, la especie&nbsp;<em><strong>Aedes aegypti&nbsp;<\/strong><\/em>tiene niveles habituales para la \u00e9poca del a\u00f1o. \u201cNo hay menos que otros a\u00f1os\u201d, aclar\u00f3 Fischer.<\/p>\n\n\n\n<p>\u201cLas&nbsp;<strong>220 ovitrampas que colocamos en la ciudad de Buenos Aires<\/strong>&nbsp;est\u00e1n teniendo el mismo nivel de positividad de mosquitos del a\u00f1o pasado. Veremos qu\u00e9 pasa las pr\u00f3ximas semanas\u201d, precis\u00f3 a&nbsp;<strong>Infobae<\/strong>&nbsp;<strong>Gabriel Battistella<\/strong>, subsecretaria del Ministerio de Salud porte\u00f1o.<\/p>\n\n\n\n<p>En tanto, la doctora en biolog\u00eda&nbsp;<strong>Victoria Micieli<\/strong>, investigadora del<strong>&nbsp;Conicet<\/strong>, explic\u00f3 a&nbsp;<strong>Infobae&nbsp;<\/strong>que la abundancia de esos mosquitos depende en gran medida de las condiciones clim\u00e1ticas y de comportamientos de los seres humanos. \u201cLas bajas precipitaciones de los meses pasados podr\u00edan haber sido la causa de que se observen una menor cantidad de mosquitos ahora\u201d, afirm\u00f3.<\/p>\n\n\n\n<p>Esa reducci\u00f3n afecta especialmente a&nbsp;<em><strong>Aedes albifasciatus<\/strong><\/em>, tambi\u00e9n conocido como \u201cmosquito de inundaci\u00f3n\u201d, que prolifera cuando las lluvias generan charcos y anegamientos. Seg\u00fan Micieli, \u201cfue la especie que m\u00e1s se sinti\u00f3 el a\u00f1o pasado\u201d.<\/p>\n\n\n\n<p>Por otro lado,&nbsp;<em><strong>Aedes aegypti<\/strong><\/em>, principal vector del dengue en Am\u00e9rica, muestra un patr\u00f3n diferente. Aunque favorecen su reproducci\u00f3n al llenar recipientes que se convierten en sitios de cr\u00eda, esa especie no depende exclusivamente de las lluvias.<\/p>\n\n\n\n<p>Seg\u00fan Micieli, los humanos tambi\u00e9n contribuyen al suministro de agua en esos recipientes, al asegurar as\u00ed la supervivencia del mosquito, incluso en condiciones secas.<\/p>\n\n\n\n<p>El mosquito que puede transmitir el dengue est\u00e1 presente desde el norte de la&nbsp;<strong>Patagonia<\/strong>&nbsp;hasta las provincias m\u00e1s c\u00e1lidas del pa\u00eds, con una actividad que aumenta hacia los meses de febrero y marzo, per\u00edodo en que suelen aparecer brotes de la infecci\u00f3n. Durante los \u00faltimos 27 a\u00f1os se produjeron cinco epidemias nacionales en Argentina, en las temporadas: 2008-2009, 2015-2016, 2019-2020, 2022-2023 y la m\u00e1s reciente, el pasado a\u00f1o.<\/p>\n\n\n\n<p>El mosquito&nbsp;<em><strong>Aedes aegypti<\/strong><\/em>&nbsp;logr\u00f3 superar las fronteras pol\u00edticas y lleg\u00f3 cada vez m\u00e1s al sur. Durante la \u00faltima temporada (2023-2024) se produjo la peor epidemia: hubo 419 fallecimientos por dengue. Dentro de ese total,&nbsp;<strong>409 se produjeron<\/strong>&nbsp;entre enero y julio del a\u00f1o pasado. Nunca antes ocurrieron tantas muertes en una temporada.<\/p>\n\n\n\n<p>El&nbsp;<em><strong>Aedes aegypti<\/strong><\/em>&nbsp;es un mosquito que suele medir menos de un cent\u00edmetro de di\u00e1metro. Es de color negro o marr\u00f3n y presenta&nbsp;<strong>rayas blancas<\/strong>&nbsp;distribuidas por el cuerpo y las patas. Vive de 25 a 30 d\u00edas y para reconocerlo se debe<strong>&nbsp;prestar atenci\u00f3n a las manchas blancas que lleva en su dorso y patas<\/strong>.<\/p>\n","protected":false},"excerpt":{"rendered":"<p>En la\u00a0Argentina\u00a0se han identificado m\u00e1s de 240\u00a0especies de mosquitos, aunque solo unas pocas representan un riesgo para la salud p\u00fablica al transmitir\u00a0enfermedades\u00a0como el\u00a0dengue, Zika, chikungu\u00f1a, o la\u00a0encefalitis equina del Oeste.&hellip; <\/p>\n","protected":false},"author":1,"featured_media":125787,"comment_status":"closed","ping_status":"open","sticky":false,"template":"","format":"standard","meta":{"footnotes":""},"categories":[16],"tags":[],"class_list":["post-185870","post","type-post","status-publish","format-standard","has-post-thumbnail","hentry","category-bienestar-y-salud"],"_links":{"self":[{"href":"https:\/\/corrientesdetarde.com\/index.php\/wp-json\/wp\/v2\/posts\/185870","targetHints":{"allow":["GET"]}}],"collection":[{"href":"https:\/\/corrientesdetarde.com\/index.php\/wp-json\/wp\/v2\/posts"}],"about":[{"href":"https:\/\/corrientesdetarde.com\/index.php\/wp-json\/wp\/v2\/types\/post"}],"author":[{"embeddable":true,"href":"https:\/\/corrientesdetarde.com\/index.php\/wp-json\/wp\/v2\/users\/1"}],"replies":[{"embeddable":true,"href":"https:\/\/corrientesdetarde.com\/index.php\/wp-json\/wp\/v2\/comments?post=185870"}],"version-history":[{"count":1,"href":"https:\/\/corrientesdetarde.com\/index.php\/wp-json\/wp\/v2\/posts\/185870\/revisions"}],"predecessor-version":[{"id":185880,"href":"https:\/\/corrientesdetarde.com\/index.php\/wp-json\/wp\/v2\/posts\/185870\/revisions\/185880"}],"wp:featuredmedia":[{"embeddable":true,"href":"https:\/\/corrientesdetarde.com\/index.php\/wp-json\/wp\/v2\/media\/125787"}],"wp:attachment":[{"href":"https:\/\/corrientesdetarde.com\/index.php\/wp-json\/wp\/v2\/media?parent=185870"}],"wp:term":[{"taxonomy":"category","embeddable":true,"href":"https:\/\/corrientesdetarde.com\/index.php\/wp-json\/wp\/v2\/categories?post=185870"},{"taxonomy":"post_tag","embeddable":true,"href":"https:\/\/corrientesdetarde.com\/index.php\/wp-json\/wp\/v2\/tags?post=185870"}],"curies":[{"name":"wp","href":"https:\/\/api.w.org\/{rel}","templated":true}]}}