{"id":185877,"date":"2025-01-21T10:43:06","date_gmt":"2025-01-21T13:43:06","guid":{"rendered":"https:\/\/corrientesdetarde.com\/?p=185877"},"modified":"2025-01-21T10:43:18","modified_gmt":"2025-01-21T13:43:18","slug":"la-comuna-revoco-permisos-para-cuidar-vehiculos-en-el-anfiteatro","status":"publish","type":"post","link":"https:\/\/corrientesdetarde.com\/index.php\/informacion-general\/la-comuna-revoco-permisos-para-cuidar-vehiculos-en-el-anfiteatro\/","title":{"rendered":"La Comuna revoc\u00f3 permisos para cuidar veh\u00edculos en el anfiteatro"},"content":{"rendered":"\n<p>Cada fiesta masiva despierta el ingenio popular. En las primeras noches de la Fiesta Nacional del Chamam\u00e9 el reboleo de trapos fluorescente o de otros colores marcaba la presencia importante de &#8220;cuidacoches&#8221; en las adyacencias del anfiteatro Mario del Transito Cocomarola. En las \u00faltimas horas, el Municipio capitalino advirti\u00f3 que hay una ordenanza vigente que proh\u00edbe esta actividad.<\/p>\n\n\n\n<p>En los primeros d\u00edas del a\u00f1o se viralizaron im\u00e1genes de agentes de la Municipalidad de Mar del Plata echando de las playas a los denominados &#8220;cuidacoches&#8221;. En esa comuna tambi\u00e9n rige una norma que proh\u00edbe esta actividad.<\/p>\n\n\n\n<p>Las discusiones muchas veces llegan al borde de la violencia, pero la situaci\u00f3n en la costa atl\u00e1ntica tiende a normalizarse.<\/p>\n\n\n\n<p>En Corrientes, son muchos los autom\u00f3viles y rodados utilitarios o combis que se acercan al anfiteatro para observar la fiesta de la m\u00fasica que caracteriza a los ciudadanos locales.<\/p>\n\n\n\n<p>Ante este marco de situaci\u00f3n, la Municipalidad de Corrientes, tras las quejas de muchos contribuyentes, aclar\u00f3 mediante un comunicado de prensa que est\u00e1 prohibido el cobro por el cuidado de veh\u00edculos en todo el ejido de la ciudad, salvo en las zonas de estacionamiento medido que est\u00e1n debidamente se\u00f1alizadas.<\/p>\n\n\n\n<p>Ante las diversas denuncias que se registraron por esta actividad en la Fiesta Nacional del Chamam\u00e9, el subsecretario de Transporte, Lisandro Rueda, asegur\u00f3 que &#8220;el pago a las personas que desarrollan este trabajo era voluntario en las calles adyacentes al anfiteatro Cocomarola&#8221;.<\/p>\n\n\n\n<p>El funcionario municipal aclar\u00f3 que &#8220;para los espect\u00e1culos como lo es la Fiesta del Chamam\u00e9 lo que se hizo es otorgar un permiso, empadronar a las personas y se entreg\u00f3 una cucarda identificatoria con nombre y apellido, y el logo municipal con la firma del responsable del \u00e1rea correspondiente&#8221;. Adem\u00e1s, explic\u00f3 que este permiso se renueva cada a\u00f1o y que entre los requisitos se les solicita certificado de buena conducta.<\/p>\n\n\n\n<p>Sin embargo, ante las denuncias que se conocieron en los \u00faltimos d\u00edas se resolvi\u00f3 revocar los permisos otorgados y se insta a denunciar a quienes intenten cobrar de manera indebida el cuidado de los veh\u00edculos.<\/p>\n\n\n\n<p>Por otra parte, el subsecretario de Transporte precis\u00f3 que en caso de que los vecinos o turistas que asistan al evento &#8220;detecten una anomal\u00eda, lo que hay que hacer es contactarse con cualquiera de los inspectores de Guardia Urbana, Tr\u00e1nsito, Transporte o tambi\u00e9n con la Polic\u00eda de la provincia presente en el lugar&#8221;.<\/p>\n\n\n\n<p>Adem\u00e1s se\u00f1al\u00f3 que habr\u00e1 recorrida de agentes municipales y policiales por la zona del anfiteatro Cocomarola para detectar este tipo de situaciones.<\/p>\n\n\n\n<figure class=\"wp-block-image size-full\"><img loading=\"lazy\" decoding=\"async\" width=\"790\" height=\"480\" src=\"https:\/\/corrientesdetarde.com\/wp-content\/uploads\/2025\/01\/image-328.png\" alt=\"\" class=\"wp-image-185888\" srcset=\"https:\/\/corrientesdetarde.com\/wp-content\/uploads\/2025\/01\/image-328.png 790w, https:\/\/corrientesdetarde.com\/wp-content\/uploads\/2025\/01\/image-328-300x182.png 300w, https:\/\/corrientesdetarde.com\/wp-content\/uploads\/2025\/01\/image-328-768x467.png 768w\" sizes=\"auto, (max-width: 790px) 100vw, 790px\" \/><\/figure>\n\n\n\n<p>Ordenanza vigente<\/p>\n\n\n\n<p>Entre tanto, la Municipalidad de Corrientes recuerda que a trav\u00e9s de la Ordenanza N\u00ba6667 se encuentra prohibida la actividad de cuidadores de veh\u00edculos en la zona de la costanera General San Mart\u00edn y Sur.<\/p>\n\n\n\n<p>La norma establece que no se puede realizar la actividad en las avenidas Costanera General San Mart\u00edn y Costanera Sur Juan Pablo II, en el sector comprendido desde la calle La Rioja hasta la avenida Jorge Romero.<\/p>\n\n\n\n<p>A su vez, se insiste a la comunidad que realice la denuncia correspondiente ante la Polic\u00eda de Corrientes llamando al 911 o al 147 y as\u00ed puedan disfrutar tranquilos del espacio p\u00fablico que tiene la ciudad.<\/p>\n","protected":false},"excerpt":{"rendered":"<p>Cada fiesta masiva despierta el ingenio popular. En las primeras noches de la Fiesta Nacional del Chamam\u00e9 el reboleo de trapos fluorescente o de otros colores marcaba la presencia importante&hellip; <\/p>\n","protected":false},"author":1,"featured_media":185889,"comment_status":"closed","ping_status":"open","sticky":false,"template":"","format":"standard","meta":{"footnotes":""},"categories":[1],"tags":[],"class_list":["post-185877","post","type-post","status-publish","format-standard","has-post-thumbnail","hentry","category-informacion-general"],"_links":{"self":[{"href":"https:\/\/corrientesdetarde.com\/index.php\/wp-json\/wp\/v2\/posts\/185877","targetHints":{"allow":["GET"]}}],"collection":[{"href":"https:\/\/corrientesdetarde.com\/index.php\/wp-json\/wp\/v2\/posts"}],"about":[{"href":"https:\/\/corrientesdetarde.com\/index.php\/wp-json\/wp\/v2\/types\/post"}],"author":[{"embeddable":true,"href":"https:\/\/corrientesdetarde.com\/index.php\/wp-json\/wp\/v2\/users\/1"}],"replies":[{"embeddable":true,"href":"https:\/\/corrientesdetarde.com\/index.php\/wp-json\/wp\/v2\/comments?post=185877"}],"version-history":[{"count":1,"href":"https:\/\/corrientesdetarde.com\/index.php\/wp-json\/wp\/v2\/posts\/185877\/revisions"}],"predecessor-version":[{"id":185890,"href":"https:\/\/corrientesdetarde.com\/index.php\/wp-json\/wp\/v2\/posts\/185877\/revisions\/185890"}],"wp:featuredmedia":[{"embeddable":true,"href":"https:\/\/corrientesdetarde.com\/index.php\/wp-json\/wp\/v2\/media\/185889"}],"wp:attachment":[{"href":"https:\/\/corrientesdetarde.com\/index.php\/wp-json\/wp\/v2\/media?parent=185877"}],"wp:term":[{"taxonomy":"category","embeddable":true,"href":"https:\/\/corrientesdetarde.com\/index.php\/wp-json\/wp\/v2\/categories?post=185877"},{"taxonomy":"post_tag","embeddable":true,"href":"https:\/\/corrientesdetarde.com\/index.php\/wp-json\/wp\/v2\/tags?post=185877"}],"curies":[{"name":"wp","href":"https:\/\/api.w.org\/{rel}","templated":true}]}}