{"id":185879,"date":"2025-01-21T10:56:27","date_gmt":"2025-01-21T13:56:27","guid":{"rendered":"https:\/\/corrientesdetarde.com\/?p=185879"},"modified":"2025-01-22T07:47:50","modified_gmt":"2025-01-22T10:47:50","slug":"dirigentes-de-diversas-agrupaciones-politicas-lanzan-el-frente-amplio-por-la-democracia-en-la-ciudad-autonoma-de-buenos-aires","status":"publish","type":"post","link":"https:\/\/corrientesdetarde.com\/index.php\/informacion-general\/dirigentes-de-diversas-agrupaciones-politicas-lanzan-el-frente-amplio-por-la-democracia-en-la-ciudad-autonoma-de-buenos-aires\/","title":{"rendered":"DIRIGENTES DE DIVERSAS AGRUPACIONES POLITICAS LANZAN EL FRENTE AMPLIO POR LA DEMOCRACIA EN LA CIUDAD AUTONOMA DE BUENOS AIRES"},"content":{"rendered":"\n<p>(Corresponsal\u00eda Buenos Aires) Encolumnados detr\u00e1s de la figura de Ricardo Alfons\u00edn, radicales, peronistas y sindicalistas reunidos en el Comit\u00e9 Justicia Ambiental, dieron inicio al espacio pol\u00edtico en la Ciudad Aut\u00f3noma de Buenos Aires.<br>Un nutrido grupo de dirigentes de diferentes agrupaciones pol\u00edticas encolumnados detr\u00e1s de la figura de Ricardo Alfons\u00edn, elaboraron un documento donde abordan diferentes cuestiones vinculadas a la necesidad de volver a la agenda progresista en la Ciudad, luego de 20 a\u00f1os de gobierno conservador.<br>En el mismo, describen al macrismo como un feudo en la Ciudad Aut\u00f3noma de Buenos Aires, donde se comportan como h\u00e1biles conservadores del poder, y donde ejercen un gobierno feudal y populista de derecha, a contramano de las luchas que dicen entablar en la agenda pol\u00edtica nacional.<br>La reuni\u00f3n inicial se dio en el Comit\u00e9 Justicia Ambiental ubicado en el barrio de Nueva Pompeya, como mensaje de la priorizaci\u00f3n de la agenda ambiental y social a contramano de la cr\u00edtica permanente que el gobierno de derecha, al cual el PRO ayud\u00f3 a gobernar, pregona.<br>Los dirigentes y militantes, provenientes de diversas comunas de la ciudad, manifestaron su acuerdo de que es necesario confluir entorno a las ideas del desarrollo con el fin de establecer una agenda progresista en el marco de una construcci\u00f3n democr\u00e1tica con inclusi\u00f3n social en la Ciudad.<br>En otro de los puntos m\u00e1s fuerte del comunicado, manifestaron la existencia de barrios ricos y barrios pobres en la Ciudad Aut\u00f3noma de Buenos Aires, donde mientras en uno existen microparquizaciones en los otros comienzan a existir microbasurales a cielo abierto.<br>Si bien no dieron a conocer a que candidato acompa\u00f1ar\u00e1n en la Ciudad en 2025, manifestaron su acompa\u00f1amiento a la candidatura de Ricardo Alfons\u00edn en la Provincia de Buenos Aires y dejaron abierta las puertas del frente para todo aquel ciudadano de la Ciudad que quiera sumarse a la construcci\u00f3n local.<\/p>\n\n\n\n<p><\/p>\n","protected":false},"excerpt":{"rendered":"<p>(Corresponsal\u00eda Buenos Aires) Encolumnados detr\u00e1s de la figura de Ricardo Alfons\u00edn, radicales, peronistas y sindicalistas reunidos en el Comit\u00e9 Justicia Ambiental, dieron inicio al espacio pol\u00edtico en la Ciudad Aut\u00f3noma&hellip; <\/p>\n","protected":false},"author":11,"featured_media":185897,"comment_status":"closed","ping_status":"open","sticky":false,"template":"","format":"standard","meta":{"footnotes":""},"categories":[1,3],"tags":[],"class_list":["post-185879","post","type-post","status-publish","format-standard","has-post-thumbnail","hentry","category-informacion-general","category-politica"],"_links":{"self":[{"href":"https:\/\/corrientesdetarde.com\/index.php\/wp-json\/wp\/v2\/posts\/185879","targetHints":{"allow":["GET"]}}],"collection":[{"href":"https:\/\/corrientesdetarde.com\/index.php\/wp-json\/wp\/v2\/posts"}],"about":[{"href":"https:\/\/corrientesdetarde.com\/index.php\/wp-json\/wp\/v2\/types\/post"}],"author":[{"embeddable":true,"href":"https:\/\/corrientesdetarde.com\/index.php\/wp-json\/wp\/v2\/users\/11"}],"replies":[{"embeddable":true,"href":"https:\/\/corrientesdetarde.com\/index.php\/wp-json\/wp\/v2\/comments?post=185879"}],"version-history":[{"count":3,"href":"https:\/\/corrientesdetarde.com\/index.php\/wp-json\/wp\/v2\/posts\/185879\/revisions"}],"predecessor-version":[{"id":185898,"href":"https:\/\/corrientesdetarde.com\/index.php\/wp-json\/wp\/v2\/posts\/185879\/revisions\/185898"}],"wp:featuredmedia":[{"embeddable":true,"href":"https:\/\/corrientesdetarde.com\/index.php\/wp-json\/wp\/v2\/media\/185897"}],"wp:attachment":[{"href":"https:\/\/corrientesdetarde.com\/index.php\/wp-json\/wp\/v2\/media?parent=185879"}],"wp:term":[{"taxonomy":"category","embeddable":true,"href":"https:\/\/corrientesdetarde.com\/index.php\/wp-json\/wp\/v2\/categories?post=185879"},{"taxonomy":"post_tag","embeddable":true,"href":"https:\/\/corrientesdetarde.com\/index.php\/wp-json\/wp\/v2\/tags?post=185879"}],"curies":[{"name":"wp","href":"https:\/\/api.w.org\/{rel}","templated":true}]}}