{"id":185950,"date":"2025-01-21T20:02:54","date_gmt":"2025-01-21T23:02:54","guid":{"rendered":"https:\/\/corrientesdetarde.com\/?p=185950"},"modified":"2025-01-21T20:03:06","modified_gmt":"2025-01-21T23:03:06","slug":"extraordinarias-el-gobierno-pidio-una-semana-mas-para-reunir-votos-y-fijo-fechas-para-el-debate","status":"publish","type":"post","link":"https:\/\/corrientesdetarde.com\/index.php\/politica\/extraordinarias-el-gobierno-pidio-una-semana-mas-para-reunir-votos-y-fijo-fechas-para-el-debate\/","title":{"rendered":"Extraordinarias: el Gobierno pidi\u00f3 una semana m\u00e1s para reunir votos y fij\u00f3 fechas para el debate"},"content":{"rendered":"\n<p>En el encuentro con los jefes del PRO y la UCR dialoguista de Diputados en la Casa Rosada, Francos les transmiti\u00f3 el cronograma para tratar en comisiones, primero, el proyecto de PASO, entre el 4 y el 5 de febrero. Aspiran a debatir en el recinto el jueves 6.<\/p>\n\n\n\n<p>En la primera reuni\u00f3n de aproximaci\u00f3n entre el oficialismo y los bloques dialoguistas del PRO y la UCR &#8220;aliada&#8221; en Diputados sobre las sesiones extraordinarias, el Gobierno busc\u00f3 organizar las fechas del debate legislativo, hizo un primer sondeo sobre las voluntades en los otros partidos y dej\u00f3 en claro algunas posiciones previas: que no se introducir\u00e1 el Presupuesto y que no hay margen para cambiar la eliminaci\u00f3n de las PASO por una suspensi\u00f3n.<\/p>\n\n\n\n<p>La reuni\u00f3n fue encabezada por el jefe de Gabinete, Guillermo Francos, en el Sal\u00f3n de los Escudos de las oficinas de la Vicejefatura del Interior donde a\u00fan tiene su despacho. Lo acompa\u00f1aban su segundo de la cartera pol\u00edtica, Lisandro Catal\u00e1n; el vicejefe de Gabinete Ejecutivo, Jos\u00e9 Rolandi, y Mar\u00eda Ibarz\u00e1bal Murphy, la secretaria de Planeamiento Normativo que responde a Santiago Caputo (el asesor no estuvo presente en ning\u00fan momento).<\/p>\n\n\n\n<p>&nbsp;<br>El primer c\u00f3nclave entre el Poder Ejecutivo y el Legislativo del 2025 empez\u00f3 unos minutos tarde, pasadas las 15.30, y dur\u00f3 aproximadamente una hora. Estaban todos los invitados, excepto Miguel Pichetto, de Encuentro Federal, que avis\u00f3 la semana pasada, apenas despu\u00e9s de la convocatoria, que no aceptar\u00eda el convite si no se realizaba en el Congreso. As\u00ed, asistieron el jefe de la bancada de La Libertad Avanza (LLA), Gabriel Bornoroni; de PRO, Cristian Ritondo; del sector amigable de la UCR, Rodrigo de Loredo; y del Movimiento para la Integraci\u00f3n y el Desarrollo (MID), Oscar Zago, ex jefe de la bancada de LLA.<\/p>\n\n\n\n<p>Como pocas veces en la administraci\u00f3n libertaria, tambi\u00e9n estuvo el secretario de relaciones parlamentarias, Oscar Moscariello (su antecesor, Omar de Marchi, no sol\u00eda ser de estas partidas).<\/p>\n\n\n\n<p>&nbsp;<br>Francos les transmiti\u00f3 a los opositores amigos su plan para dividir en dos sesiones el tratamiento de los siete temas que mand\u00f3 el Ejecutivo en el decreto de llamado a las sesiones extraordinarias, que se iniciaron ayer formalmente, pero que todav\u00eda no tuvieron ninguna reuni\u00f3n en comisi\u00f3n en un Congreso que se encuentra desierto desde diciembre.<\/p>\n\n\n\n<p>Los representantes de Milei les pidieron tiempo a los otros partidos para poder reunir voluntades para los proyectos m\u00e1s controversiales, durante la semana que viene. Propuso que entre el 4 y el 5 de febrero tengan lugar las primeras reuniones en comisi\u00f3n, y que el 6 se realice el primer debate en el recinto. En principio, hubo acuerdo para que as\u00ed sea.<\/p>\n\n\n\n<p>El proyecto que m\u00e1s les interesa al oficialismo en Diputados es la reforma electoral y pol\u00edtica, y depende no s\u00f3lo del PRO y la UCR, sino tambi\u00e9n del peronismo. Que, si bien no dej\u00f3 su postura blanco sobre negro, dej\u00f3 traslucir que sujeta su adhesi\u00f3n a que se caiga un proyecto clave para el PRO, con el que tambi\u00e9n est\u00e1 de acuerdo la UCR: Ficha Limpia. El kirchnerismo cree que esa iniciativa es una afrenta y un intento de proscripci\u00f3n contra Cristina Kirchner. Y no lo apoyar\u00e1n a pesar.<\/p>\n","protected":false},"excerpt":{"rendered":"<p>En el encuentro con los jefes del PRO y la UCR dialoguista de Diputados en la Casa Rosada, Francos les transmiti\u00f3 el cronograma para tratar en comisiones, primero, el proyecto&hellip; <\/p>\n","protected":false},"author":4,"featured_media":185951,"comment_status":"closed","ping_status":"open","sticky":false,"template":"","format":"standard","meta":{"footnotes":""},"categories":[3],"tags":[],"class_list":["post-185950","post","type-post","status-publish","format-standard","has-post-thumbnail","hentry","category-politica"],"_links":{"self":[{"href":"https:\/\/corrientesdetarde.com\/index.php\/wp-json\/wp\/v2\/posts\/185950","targetHints":{"allow":["GET"]}}],"collection":[{"href":"https:\/\/corrientesdetarde.com\/index.php\/wp-json\/wp\/v2\/posts"}],"about":[{"href":"https:\/\/corrientesdetarde.com\/index.php\/wp-json\/wp\/v2\/types\/post"}],"author":[{"embeddable":true,"href":"https:\/\/corrientesdetarde.com\/index.php\/wp-json\/wp\/v2\/users\/4"}],"replies":[{"embeddable":true,"href":"https:\/\/corrientesdetarde.com\/index.php\/wp-json\/wp\/v2\/comments?post=185950"}],"version-history":[{"count":2,"href":"https:\/\/corrientesdetarde.com\/index.php\/wp-json\/wp\/v2\/posts\/185950\/revisions"}],"predecessor-version":[{"id":185953,"href":"https:\/\/corrientesdetarde.com\/index.php\/wp-json\/wp\/v2\/posts\/185950\/revisions\/185953"}],"wp:featuredmedia":[{"embeddable":true,"href":"https:\/\/corrientesdetarde.com\/index.php\/wp-json\/wp\/v2\/media\/185951"}],"wp:attachment":[{"href":"https:\/\/corrientesdetarde.com\/index.php\/wp-json\/wp\/v2\/media?parent=185950"}],"wp:term":[{"taxonomy":"category","embeddable":true,"href":"https:\/\/corrientesdetarde.com\/index.php\/wp-json\/wp\/v2\/categories?post=185950"},{"taxonomy":"post_tag","embeddable":true,"href":"https:\/\/corrientesdetarde.com\/index.php\/wp-json\/wp\/v2\/tags?post=185950"}],"curies":[{"name":"wp","href":"https:\/\/api.w.org\/{rel}","templated":true}]}}