{"id":185954,"date":"2025-01-21T20:17:01","date_gmt":"2025-01-21T23:17:01","guid":{"rendered":"https:\/\/corrientesdetarde.com\/?p=185954"},"modified":"2025-01-21T20:17:06","modified_gmt":"2025-01-21T23:17:06","slug":"alerta-reportan-un-incendio-de-pastizales-al-lado-de-una-escuela","status":"publish","type":"post","link":"https:\/\/corrientesdetarde.com\/index.php\/locales\/alerta-reportan-un-incendio-de-pastizales-al-lado-de-una-escuela\/","title":{"rendered":"Alerta: reportan un incendio de pastizales al lado de una escuela"},"content":{"rendered":"\n<p>El fuego se desat\u00f3 este martes por la tarde. Al lugar llegaron dos dotaciones de bomberos.&nbsp;<\/p>\n\n\n\n<p>Vecinos reportaron este martes un incendio de pastizales al lado del\u00a0Colegio Secundario Doctor\u00a0Ren\u00e9 Favaloro de la ciudad de Corrientes.\u00a0<\/p>\n\n\n\n<p>El fuego se registra en un predio ubicado por la calle Morat\u00edn y avenida Rene Favaloro, seg\u00fan se\u00f1alaron.&nbsp;<\/p>\n\n\n\n<p>Al lugar llegaron dos dotaciones de bomberos, para tratar de controlar el foco \u00edgneo.&nbsp;<\/p>\n\n\n\n<figure class=\"wp-block-image\"><img decoding=\"async\" src=\"https:\/\/pxcdn.ellitoral.com.ar\/litoral\/012025\/1737497417382.jpeg?cw=807\" alt=\"Alerta: reportan un incendio de pastizales al lado de una escuela\" title=\"Alerta: reportan un incendio de pastizales al lado de una escuela-\"\/><\/figure>\n\n\n\n<p>Entre tanto, la Asociaci\u00f3n de Bomberos Voluntarios inform\u00f3 que en las \u00faltimas horas controlaron incendios en diferentes puntos de la ciudad como en un bald\u00edo ubicado por las calles Lara y Conte; otro en la Calle 44; y en la Ruta provincial N\u00ba 5 a la altura del kil\u00f3metro 6.&nbsp;<\/p>\n\n\n\n<p><strong>PROHIBIDO LAS QUEMAS<\/strong><\/p>\n\n\n\n<p>Vale destacar que el Comando Operativo de Emergencias de Corrientes (COE) emiti\u00f3 una alerta por peligro de incendios debido a la escasez de lluvias y las elevadas temperaturas.<\/p>\n\n\n\n<p>Por lo tanto, se encuentran prohibidas las quemas dentro del territorio provincial y se deben extremar las medidas de seguridad al respecto.<\/p>\n","protected":false},"excerpt":{"rendered":"<p>El fuego se desat\u00f3 este martes por la tarde. Al lugar llegaron dos dotaciones de bomberos.&nbsp; Vecinos reportaron este martes un incendio de pastizales al lado del\u00a0Colegio Secundario Doctor\u00a0Ren\u00e9 Favaloro&hellip; <\/p>\n","protected":false},"author":4,"featured_media":185955,"comment_status":"closed","ping_status":"open","sticky":false,"template":"","format":"standard","meta":{"footnotes":""},"categories":[8,17],"tags":[],"class_list":["post-185954","post","type-post","status-publish","format-standard","has-post-thumbnail","hentry","category-locales","category-sociales"],"_links":{"self":[{"href":"https:\/\/corrientesdetarde.com\/index.php\/wp-json\/wp\/v2\/posts\/185954","targetHints":{"allow":["GET"]}}],"collection":[{"href":"https:\/\/corrientesdetarde.com\/index.php\/wp-json\/wp\/v2\/posts"}],"about":[{"href":"https:\/\/corrientesdetarde.com\/index.php\/wp-json\/wp\/v2\/types\/post"}],"author":[{"embeddable":true,"href":"https:\/\/corrientesdetarde.com\/index.php\/wp-json\/wp\/v2\/users\/4"}],"replies":[{"embeddable":true,"href":"https:\/\/corrientesdetarde.com\/index.php\/wp-json\/wp\/v2\/comments?post=185954"}],"version-history":[{"count":1,"href":"https:\/\/corrientesdetarde.com\/index.php\/wp-json\/wp\/v2\/posts\/185954\/revisions"}],"predecessor-version":[{"id":185956,"href":"https:\/\/corrientesdetarde.com\/index.php\/wp-json\/wp\/v2\/posts\/185954\/revisions\/185956"}],"wp:featuredmedia":[{"embeddable":true,"href":"https:\/\/corrientesdetarde.com\/index.php\/wp-json\/wp\/v2\/media\/185955"}],"wp:attachment":[{"href":"https:\/\/corrientesdetarde.com\/index.php\/wp-json\/wp\/v2\/media?parent=185954"}],"wp:term":[{"taxonomy":"category","embeddable":true,"href":"https:\/\/corrientesdetarde.com\/index.php\/wp-json\/wp\/v2\/categories?post=185954"},{"taxonomy":"post_tag","embeddable":true,"href":"https:\/\/corrientesdetarde.com\/index.php\/wp-json\/wp\/v2\/tags?post=185954"}],"curies":[{"name":"wp","href":"https:\/\/api.w.org\/{rel}","templated":true}]}}