{"id":185958,"date":"2025-01-21T20:21:25","date_gmt":"2025-01-21T23:21:25","guid":{"rendered":"https:\/\/corrientesdetarde.com\/?p=185958"},"modified":"2025-01-22T08:40:58","modified_gmt":"2025-01-22T11:40:58","slug":"un-nino-de-9-anos-fue-diagnosticado-con-un-tumor-en-la-cabeza-y-su-familia-pide-ayuda","status":"publish","type":"post","link":"https:\/\/corrientesdetarde.com\/index.php\/sociales\/un-nino-de-9-anos-fue-diagnosticado-con-un-tumor-en-la-cabeza-y-su-familia-pide-ayuda\/","title":{"rendered":"Un ni\u00f1o de 9 a\u00f1os fue diagnosticado con un tumor en la cabeza y su familia pide ayuda"},"content":{"rendered":"\n<p>Los familiares del peque\u00f1o correntino piden colaboraci\u00f3n urgente para lo que resta de la estad\u00eda en Buenos Aires.<\/p>\n\n\n\n<p>Jon\u00e1s, un ni\u00f1o de 9 a\u00f1os oriundo de Corrientes, enfrenta un dif\u00edcil diagn\u00f3stico tras ser detectado el pasado 16 de enero un tumor en la cabeza que afecta la mitad de su cuerpo. Actualmente, se encuentra junto a su familia en Buenos Aires, recibiendo tratamiento en el Hospital Guti\u00e9rrez.<\/p>\n\n\n\n<p>La familia tuvo que trasladarse con lo puesto y reside en una pensi\u00f3n cercana al hospital, afrontando m\u00faltiples necesidades para poder acompa\u00f1ar a Jon\u00e1s en este proceso. Por ello, apelan a la solidaridad de la comunidad, tanto con donaciones materiales como con aportes econ\u00f3micos que les permitan solventar los gastos diarios durante su estad\u00eda.<\/p>\n\n\n\n<p>Estefan\u00eda Billordo, mam\u00e1 de Jon\u00e1s, se\u00f1al\u00f3 : \u201cEs un tratamiento bastante largo el que tiene que hacerse Jon\u00e1s y no tenemos movilidad, nos queda muy lejos donde estamos y donde tiene que hacerse los estudios \u00e9l en el Hospital. Hoy para trasladarnos gastamos $20.000 y es una plata con la que no contamos\u201d.\u00a0<\/p>\n\n\n\n<p>\u201cAproximadamente tenemos un mes y medio en Buenos Aires para el tratamiento de \u00e9l. Despu\u00e9s tenemos que ver si el avanza se finaliza el tratamiento y sino tendremos que seguir\u201d, continu\u00f3.&nbsp;<\/p>\n\n\n\n<p>Quienes deseen colaborar pueden realizar transferencias al alias BILLORDO.959.ROJO.MP (a nombre de Estefan\u00eda Billordo). Se pueden comunicar para m\u00e1s informaci\u00f3n al n\u00famero +54 9 3794 995844.<\/p>\n","protected":false},"excerpt":{"rendered":"<p>Los familiares del peque\u00f1o correntino piden colaboraci\u00f3n urgente para lo que resta de la estad\u00eda en Buenos Aires. Jon\u00e1s, un ni\u00f1o de 9 a\u00f1os oriundo de Corrientes, enfrenta un dif\u00edcil&hellip; <\/p>\n","protected":false},"author":4,"featured_media":185959,"comment_status":"closed","ping_status":"open","sticky":false,"template":"","format":"standard","meta":{"footnotes":""},"categories":[26,17],"tags":[],"class_list":["post-185958","post","type-post","status-publish","format-standard","has-post-thumbnail","hentry","category-destacados","category-sociales"],"_links":{"self":[{"href":"https:\/\/corrientesdetarde.com\/index.php\/wp-json\/wp\/v2\/posts\/185958","targetHints":{"allow":["GET"]}}],"collection":[{"href":"https:\/\/corrientesdetarde.com\/index.php\/wp-json\/wp\/v2\/posts"}],"about":[{"href":"https:\/\/corrientesdetarde.com\/index.php\/wp-json\/wp\/v2\/types\/post"}],"author":[{"embeddable":true,"href":"https:\/\/corrientesdetarde.com\/index.php\/wp-json\/wp\/v2\/users\/4"}],"replies":[{"embeddable":true,"href":"https:\/\/corrientesdetarde.com\/index.php\/wp-json\/wp\/v2\/comments?post=185958"}],"version-history":[{"count":1,"href":"https:\/\/corrientesdetarde.com\/index.php\/wp-json\/wp\/v2\/posts\/185958\/revisions"}],"predecessor-version":[{"id":185960,"href":"https:\/\/corrientesdetarde.com\/index.php\/wp-json\/wp\/v2\/posts\/185958\/revisions\/185960"}],"wp:featuredmedia":[{"embeddable":true,"href":"https:\/\/corrientesdetarde.com\/index.php\/wp-json\/wp\/v2\/media\/185959"}],"wp:attachment":[{"href":"https:\/\/corrientesdetarde.com\/index.php\/wp-json\/wp\/v2\/media?parent=185958"}],"wp:term":[{"taxonomy":"category","embeddable":true,"href":"https:\/\/corrientesdetarde.com\/index.php\/wp-json\/wp\/v2\/categories?post=185958"},{"taxonomy":"post_tag","embeddable":true,"href":"https:\/\/corrientesdetarde.com\/index.php\/wp-json\/wp\/v2\/tags?post=185958"}],"curies":[{"name":"wp","href":"https:\/\/api.w.org\/{rel}","templated":true}]}}