{"id":186078,"date":"2025-01-22T11:21:29","date_gmt":"2025-01-22T14:21:29","guid":{"rendered":"https:\/\/corrientesdetarde.com\/?p=186078"},"modified":"2025-01-22T11:21:34","modified_gmt":"2025-01-22T14:21:34","slug":"boca-arranca-renovado-y-potenciado-en-la-copa-argentina","status":"publish","type":"post","link":"https:\/\/corrientesdetarde.com\/index.php\/informacion-general\/boca-arranca-renovado-y-potenciado-en-la-copa-argentina\/","title":{"rendered":"BOCA ARRANCA RENOVADO Y POTENCIADO EN LA COPA ARGENTINA"},"content":{"rendered":"\n<p>(Coco Ram\u00f3n) &#8211; El equipo de Gago con refuerzos importantes, quien fuera uno de los grandes protagonistas del f\u00fatbol local en el \u00faltimo mercado de pases, tendr\u00e1 su primera prueba del a\u00f1o este mi\u00e9rcoles, cuando se enfrente con Argentino de Monte Ma\u00edz por los 32avos de final de la Copa Argentina.<\/p>\n\n\n\n<figure class=\"wp-block-embed is-type-video is-provider-youtube wp-block-embed-youtube wp-embed-aspect-16-9 wp-has-aspect-ratio\"><div class=\"wp-block-embed__wrapper\">\n<iframe loading=\"lazy\" title=\"El nuevo boca arranca oficialmente rn copa argentina\" width=\"1110\" height=\"624\" src=\"https:\/\/www.youtube.com\/embed\/vBhmZ-bn43E?feature=oembed\" frameborder=\"0\" allow=\"accelerometer; autoplay; clipboard-write; encrypted-media; gyroscope; picture-in-picture; web-share\" referrerpolicy=\"strict-origin-when-cross-origin\" allowfullscreen><\/iframe>\n<\/div><\/figure>\n\n\n\n<p><br>El encuentro se llevar\u00e1 a cabo a partir de las 21:10 en el estadio Brigadier General Estanislao L\u00f3pez, m\u00e1s conocido como el Cementerio de los Elefantes, de la ciudad de Santa Fe. El \u00e1rbitro ser\u00e1 Luis Lobo Medina y el cotejo se podr\u00e1 ver a trav\u00e9s de TyC Sports.<\/p>\n\n\n\n<p>Boca quiere debutar con el pie derecho en la Copa Argentina<br>Boca es el m\u00e1ximo ganador de esta competici\u00f3n, con cuatro t\u00edtulos. La primera fue en 1969, en la \u00fanica edici\u00f3n que se disput\u00f3 hasta 2012, a\u00f1o en el que volvi\u00f3 a ganarla. Tambi\u00e9n levant\u00f3 el trofeo en 2015 y 2021.<\/p>\n\n\n\n<p>El Xeneize se llev\u00f3 todos los reflectores durante el mercado de pases que a\u00fan no termin\u00f3, debido a las incorporaciones de Alan Velasco, Agust\u00edn Marches\u00edn, Ayrton Costa, Rodrigo Battaglia, los chilenos Williams Alarc\u00f3n y Carlos Palacios y el espa\u00f1ol Ander Herrera.<\/p>\n","protected":false},"excerpt":{"rendered":"<p>(Coco Ram\u00f3n) &#8211; El equipo de Gago con refuerzos importantes, quien fuera uno de los grandes protagonistas del f\u00fatbol local en el \u00faltimo mercado de pases, tendr\u00e1 su primera prueba&hellip; <\/p>\n","protected":false},"author":11,"featured_media":186079,"comment_status":"closed","ping_status":"open","sticky":false,"template":"","format":"standard","meta":{"footnotes":""},"categories":[1],"tags":[],"class_list":["post-186078","post","type-post","status-publish","format-standard","has-post-thumbnail","hentry","category-informacion-general"],"_links":{"self":[{"href":"https:\/\/corrientesdetarde.com\/index.php\/wp-json\/wp\/v2\/posts\/186078","targetHints":{"allow":["GET"]}}],"collection":[{"href":"https:\/\/corrientesdetarde.com\/index.php\/wp-json\/wp\/v2\/posts"}],"about":[{"href":"https:\/\/corrientesdetarde.com\/index.php\/wp-json\/wp\/v2\/types\/post"}],"author":[{"embeddable":true,"href":"https:\/\/corrientesdetarde.com\/index.php\/wp-json\/wp\/v2\/users\/11"}],"replies":[{"embeddable":true,"href":"https:\/\/corrientesdetarde.com\/index.php\/wp-json\/wp\/v2\/comments?post=186078"}],"version-history":[{"count":1,"href":"https:\/\/corrientesdetarde.com\/index.php\/wp-json\/wp\/v2\/posts\/186078\/revisions"}],"predecessor-version":[{"id":186080,"href":"https:\/\/corrientesdetarde.com\/index.php\/wp-json\/wp\/v2\/posts\/186078\/revisions\/186080"}],"wp:featuredmedia":[{"embeddable":true,"href":"https:\/\/corrientesdetarde.com\/index.php\/wp-json\/wp\/v2\/media\/186079"}],"wp:attachment":[{"href":"https:\/\/corrientesdetarde.com\/index.php\/wp-json\/wp\/v2\/media?parent=186078"}],"wp:term":[{"taxonomy":"category","embeddable":true,"href":"https:\/\/corrientesdetarde.com\/index.php\/wp-json\/wp\/v2\/categories?post=186078"},{"taxonomy":"post_tag","embeddable":true,"href":"https:\/\/corrientesdetarde.com\/index.php\/wp-json\/wp\/v2\/tags?post=186078"}],"curies":[{"name":"wp","href":"https:\/\/api.w.org\/{rel}","templated":true}]}}