{"id":186085,"date":"2025-01-22T14:07:13","date_gmt":"2025-01-22T17:07:13","guid":{"rendered":"https:\/\/corrientesdetarde.com\/?p=186085"},"modified":"2025-01-22T14:07:24","modified_gmt":"2025-01-22T17:07:24","slug":"se-presenta-el-libro-mbaraka-en-el-museo-de-ciencias-naturales","status":"publish","type":"post","link":"https:\/\/corrientesdetarde.com\/index.php\/cultura\/se-presenta-el-libro-mbaraka-en-el-museo-de-ciencias-naturales\/","title":{"rendered":"Se presenta el libro Mbaraka en el Museo de Ciencias Naturales"},"content":{"rendered":"\n<p>Este jueves 23 de enero, a las 19,30, en el Museo de Ciencias Naturales Amado Bonpland (Av. Costanera General San Mart\u00edn 100) se presentar\u00e1 el libro&nbsp;&#8220;Mbaraka&#8221;&nbsp;de Rudi Flores, Mart\u00edn Luc\u00eda Troiti\u00f1o y Juan Pedro Zubieta. Esta actividad del ciclo \u201cChamam\u00e9 es cultura\u201d, forma parte de la 34\u00aa Fiesta Nacional del Chamam\u00e9, 20\u00aa Fiesta del Mercosur y 4\u00aa Celebraci\u00f3n Mundial, organizada por el Gobierno de la Provincia, a trav\u00e9s del Instituto de Cultura.<\/p>\n\n\n\n<p>Mbaraka es un libro que nace de los saberes compartidos entre el maestro Rudi Flores, Mar\u00eda Luc\u00eda Troiti\u00f1o y Juan Pedro Zubieta. Se trata de un homenaje a la guitarra en el chamam\u00e9. Como instrumento acompa\u00f1ante y tambi\u00e9n como protagonista, ha sido testigo y part\u00edcipe del desarrollo y evoluci\u00f3n de este g\u00e9nero musical. Ha tomado de sus instrumentos compa\u00f1eros de ruta, giros, articulaciones, armon\u00edas, colores que lo definen y que han caracterizado su devenir.<\/p>\n\n\n\n<p>A lo largo de sus p\u00e1ginas, los autores en minuciosa exploraci\u00f3n, muestran c\u00f3mo la guitarra fue utilizada por los grandes maestros del chamam\u00e9 y c\u00f3mo evolucion\u00f3 su rol en las distintas etapas del g\u00e9nero, expresando la identidad y sentir de la m\u00fasica producida \u201cal otro lado del Paran\u00e1\u201d. \u201cMbaraka\u201d es un viaje sonoro por las ra\u00edces del litoral.<\/p>\n\n\n\n<p>La presentaci\u00f3n de este libro es organizada de forma conjunta entre la Fiesta Nacional del Chamam\u00e9, Moglia Ediciones y la Fundaci\u00f3n Memoria del Chamam\u00e9.<\/p>\n\n\n\n<figure class=\"wp-block-image size-large\"><img loading=\"lazy\" decoding=\"async\" width=\"819\" height=\"1024\" src=\"https:\/\/corrientesdetarde.com\/wp-content\/uploads\/2025\/01\/image-361-819x1024.png\" alt=\"\" class=\"wp-image-186086\" srcset=\"https:\/\/corrientesdetarde.com\/wp-content\/uploads\/2025\/01\/image-361-819x1024.png 819w, https:\/\/corrientesdetarde.com\/wp-content\/uploads\/2025\/01\/image-361-240x300.png 240w, https:\/\/corrientesdetarde.com\/wp-content\/uploads\/2025\/01\/image-361-768x960.png 768w, https:\/\/corrientesdetarde.com\/wp-content\/uploads\/2025\/01\/image-361.png 1024w\" sizes=\"auto, (max-width: 819px) 100vw, 819px\" \/><\/figure>\n","protected":false},"excerpt":{"rendered":"<p>Este jueves 23 de enero, a las 19,30, en el Museo de Ciencias Naturales Amado Bonpland (Av. Costanera General San Mart\u00edn 100) se presentar\u00e1 el libro&nbsp;&#8220;Mbaraka&#8221;&nbsp;de Rudi Flores, Mart\u00edn Luc\u00eda&hellip; <\/p>\n","protected":false},"author":8,"featured_media":186086,"comment_status":"closed","ping_status":"open","sticky":false,"template":"","format":"standard","meta":{"footnotes":""},"categories":[15],"tags":[],"class_list":["post-186085","post","type-post","status-publish","format-standard","has-post-thumbnail","hentry","category-cultura"],"_links":{"self":[{"href":"https:\/\/corrientesdetarde.com\/index.php\/wp-json\/wp\/v2\/posts\/186085","targetHints":{"allow":["GET"]}}],"collection":[{"href":"https:\/\/corrientesdetarde.com\/index.php\/wp-json\/wp\/v2\/posts"}],"about":[{"href":"https:\/\/corrientesdetarde.com\/index.php\/wp-json\/wp\/v2\/types\/post"}],"author":[{"embeddable":true,"href":"https:\/\/corrientesdetarde.com\/index.php\/wp-json\/wp\/v2\/users\/8"}],"replies":[{"embeddable":true,"href":"https:\/\/corrientesdetarde.com\/index.php\/wp-json\/wp\/v2\/comments?post=186085"}],"version-history":[{"count":1,"href":"https:\/\/corrientesdetarde.com\/index.php\/wp-json\/wp\/v2\/posts\/186085\/revisions"}],"predecessor-version":[{"id":186087,"href":"https:\/\/corrientesdetarde.com\/index.php\/wp-json\/wp\/v2\/posts\/186085\/revisions\/186087"}],"wp:featuredmedia":[{"embeddable":true,"href":"https:\/\/corrientesdetarde.com\/index.php\/wp-json\/wp\/v2\/media\/186086"}],"wp:attachment":[{"href":"https:\/\/corrientesdetarde.com\/index.php\/wp-json\/wp\/v2\/media?parent=186085"}],"wp:term":[{"taxonomy":"category","embeddable":true,"href":"https:\/\/corrientesdetarde.com\/index.php\/wp-json\/wp\/v2\/categories?post=186085"},{"taxonomy":"post_tag","embeddable":true,"href":"https:\/\/corrientesdetarde.com\/index.php\/wp-json\/wp\/v2\/tags?post=186085"}],"curies":[{"name":"wp","href":"https:\/\/api.w.org\/{rel}","templated":true}]}}