{"id":186088,"date":"2025-01-22T14:10:50","date_gmt":"2025-01-22T17:10:50","guid":{"rendered":"https:\/\/corrientesdetarde.com\/?p=186088"},"modified":"2025-01-22T14:11:02","modified_gmt":"2025-01-22T17:11:02","slug":"santa-catalina-avanzan-las-obras-de-desague-y-pavimentacion-de-la-av-nini-flores","status":"publish","type":"post","link":"https:\/\/corrientesdetarde.com\/index.php\/informacion-general\/santa-catalina-avanzan-las-obras-de-desague-y-pavimentacion-de-la-av-nini-flores\/","title":{"rendered":"Santa Catalina: avanzan las obras de desag\u00fce y pavimentaci\u00f3n de la Av. Nini Flores"},"content":{"rendered":"\n<p>Sur de la ciudad de Corrientes<\/p>\n\n\n\n<p>El Gobierno provincial intensifica&nbsp;los trabajos de pavimentaci\u00f3n de la av. Nini Flores, a la vez que avanza en simult\u00e1neo la construcci\u00f3n del sistema de desag\u00fce de ese importante nexo vial en &nbsp;Santa Catalina, que vincular\u00e1 adecuadamente la zona sur de la ciudad de Corrientes, brindando flu\u00eddez&nbsp;al tr\u00e1fico en av. Maip\u00fa .<\/p>\n\n\n\n<p>Estos trabajos&nbsp;dispuestos por el gobernador Gustavo Vald\u00e9s, son emprendidos&nbsp;con recursos provinciales, &nbsp;y ejecutado por el Ministerio de Obras y Servicios P\u00fablicos a trav\u00e9s de distintas dependencias.<\/p>\n\n\n\n<p>La obra se extiende desde&nbsp;el&nbsp; acceso a la Escuela de Cadetes de la Polic\u00eda hasta su cruce con avenida Maip\u00fa, una extensi\u00f3n cercana a los dos mil metros con lo cual se vincular\u00e1&nbsp; en forma segura,&nbsp;todo el complejo Santa Catalina con el resto de la zona sur de la ciudad, &nbsp;aliviando adem\u00e1s el tr\u00e1fico en avenida Maip\u00fa.<\/p>\n\n\n\n<p><strong>Los trabajos<\/strong><\/p>\n\n\n\n<p>Las obras avanzan desde su cabecera&nbsp;Este, ubicada en inmediaciones de la rotonda de avenida Maip\u00fa. En cuanto &nbsp;a pavimentaci\u00f3n, a cargo del Instituto de Vivienda de Corrientes, INVICO, se concluy\u00f3 el&nbsp; primer tramo, sito entre las avenidas Ram\u00f3n Tito Aranda y Blas Mart\u00ednez Riera, una longitud cercana a los 630 metros. Los trabajos contin\u00faan &nbsp;sobre la banda &nbsp;norte de esta avenida en el sector ubicado en inmediaciones de la comisar\u00eda N\u00b0 23.<\/p>\n\n\n\n<p>Dicho pavimento es de hormig\u00f3n armado, colado sobre base de arena cemento y &nbsp;tiene un ancho de calzada entre&nbsp; cordones promedio de &nbsp;8,30 metros provisto de sumideros&nbsp; con sus respectivas c\u00e1maras de inspecci\u00f3n.<\/p>\n\n\n\n<p><strong>Desag\u00fce<\/strong><\/p>\n\n\n\n<p>En tanto, ya se colocaron 1.400 ca\u00f1os de hormig\u00f3n armado&nbsp; que arrancaron con un di\u00e1metro de 1,50&nbsp; metros en la cabecera citada, contando hoy el tendido con una extensi\u00f3n superior a los 1200 metros. Se construyeron tambi\u00e9n cinco &nbsp;grandes c\u00e1maras,&nbsp; dos de vinculaci\u00f3n del ducto con el tramo&nbsp; que desaguar\u00e1 en el arroyo Pirayu\u00ed y otras tres de inspecci\u00f3n y limpieza.<\/p>\n\n\n\n<p>Asimismo, se paviment\u00f3 la rotonda de ingreso al barrio Santa Catalina a fin de restaurar la capa asf\u00e1ltica, al igual que los cruces vehiculares del barrio Progresar &nbsp;ubicado en la cercan\u00eda.<\/p>\n\n\n\n<p>Este ducto, construido a trav\u00e9s de la Direcci\u00f3n de Vialidad Provincial, &nbsp;abarcar\u00e1 los 1940 metros de extensi\u00f3n &nbsp;y consiste en un tendido de dos hileras de tubos pluviales de hormig\u00f3n armado cuyas medidas oscilar\u00e1n entre los 1,50 metros y 0,60 metros de di\u00e1metro. La excavaci\u00f3n de este tendido demandar\u00e1 un movimiento de tierra cercano a los 36 mil metros cuadrados. En total este desag\u00fce implicar\u00e1 la colocaci\u00f3n de m\u00e1s de 6.500 ca\u00f1os.<\/p>\n\n\n\n<p><strong>Relevancia<\/strong><\/p>\n\n\n\n<p>Considerando el importante desarrollo urbano presente y futuro de Santa Catalina, donde actualmente en ese sector ya existen 678 Viviendas&nbsp;<a href=\"https:\/\/4ue34.r.sp1-brevo.net\/mk\/cl\/f\/sh\/6rqJfgq8dINmNvd2HB7mP7OK8Ju\/n5zzcku--KTF\" target=\"_blank\" rel=\"noreferrer noopener\">PRO.CRE.AR<\/a>&nbsp;y&nbsp; 400 viviendas m\u00e1s ya fueron entregadas por la Provincia, a las que se les sumar\u00e1n las 160 viviendas que sigue construyendo el INVICO y otras 300 nuevas viviendas particulares,&nbsp; se hace necesario proveer v\u00edas alternativas de circulaci\u00f3n y v\u00ednculo&nbsp; norte sur con el resto de la a ciudad.<\/p>\n\n\n\n<p>En este sentido, la Provincia est\u00e1 generando un nuevo conjunto de arterias que vinculen la ciudad en sentido transversal y dentro de&nbsp; este plan, es de vital importancia&nbsp; la avenida Nini Flores&nbsp; que junto a la refuncionalizaci\u00f3n de las avenidas Igarzabal, Santa Catalina, Alta Gracia y su vinculaci\u00f3n con Paysand\u00fa, generan las condiciones para un mejor, fluido y seguro tr\u00e1nsito en esa parte de Corrientes.<\/p>\n\n\n\n<figure class=\"wp-block-image size-full\"><img loading=\"lazy\" decoding=\"async\" width=\"800\" height=\"535\" src=\"https:\/\/corrientesdetarde.com\/wp-content\/uploads\/2025\/01\/image-362.png\" alt=\"\" class=\"wp-image-186089\" srcset=\"https:\/\/corrientesdetarde.com\/wp-content\/uploads\/2025\/01\/image-362.png 800w, https:\/\/corrientesdetarde.com\/wp-content\/uploads\/2025\/01\/image-362-300x201.png 300w, https:\/\/corrientesdetarde.com\/wp-content\/uploads\/2025\/01\/image-362-768x514.png 768w\" sizes=\"auto, (max-width: 800px) 100vw, 800px\" \/><\/figure>\n\n\n\n<figure class=\"wp-block-image size-full\"><img loading=\"lazy\" decoding=\"async\" width=\"800\" height=\"535\" src=\"https:\/\/corrientesdetarde.com\/wp-content\/uploads\/2025\/01\/image-363.png\" alt=\"\" class=\"wp-image-186091\" srcset=\"https:\/\/corrientesdetarde.com\/wp-content\/uploads\/2025\/01\/image-363.png 800w, https:\/\/corrientesdetarde.com\/wp-content\/uploads\/2025\/01\/image-363-300x201.png 300w, https:\/\/corrientesdetarde.com\/wp-content\/uploads\/2025\/01\/image-363-768x514.png 768w\" sizes=\"auto, (max-width: 800px) 100vw, 800px\" \/><\/figure>\n","protected":false},"excerpt":{"rendered":"<p>Sur de la ciudad de Corrientes El Gobierno provincial intensifica&nbsp;los trabajos de pavimentaci\u00f3n de la av. Nini Flores, a la vez que avanza en simult\u00e1neo la construcci\u00f3n del sistema de&hellip; <\/p>\n","protected":false},"author":8,"featured_media":186090,"comment_status":"closed","ping_status":"open","sticky":false,"template":"","format":"standard","meta":{"footnotes":""},"categories":[1],"tags":[],"class_list":["post-186088","post","type-post","status-publish","format-standard","has-post-thumbnail","hentry","category-informacion-general"],"_links":{"self":[{"href":"https:\/\/corrientesdetarde.com\/index.php\/wp-json\/wp\/v2\/posts\/186088","targetHints":{"allow":["GET"]}}],"collection":[{"href":"https:\/\/corrientesdetarde.com\/index.php\/wp-json\/wp\/v2\/posts"}],"about":[{"href":"https:\/\/corrientesdetarde.com\/index.php\/wp-json\/wp\/v2\/types\/post"}],"author":[{"embeddable":true,"href":"https:\/\/corrientesdetarde.com\/index.php\/wp-json\/wp\/v2\/users\/8"}],"replies":[{"embeddable":true,"href":"https:\/\/corrientesdetarde.com\/index.php\/wp-json\/wp\/v2\/comments?post=186088"}],"version-history":[{"count":1,"href":"https:\/\/corrientesdetarde.com\/index.php\/wp-json\/wp\/v2\/posts\/186088\/revisions"}],"predecessor-version":[{"id":186092,"href":"https:\/\/corrientesdetarde.com\/index.php\/wp-json\/wp\/v2\/posts\/186088\/revisions\/186092"}],"wp:featuredmedia":[{"embeddable":true,"href":"https:\/\/corrientesdetarde.com\/index.php\/wp-json\/wp\/v2\/media\/186090"}],"wp:attachment":[{"href":"https:\/\/corrientesdetarde.com\/index.php\/wp-json\/wp\/v2\/media?parent=186088"}],"wp:term":[{"taxonomy":"category","embeddable":true,"href":"https:\/\/corrientesdetarde.com\/index.php\/wp-json\/wp\/v2\/categories?post=186088"},{"taxonomy":"post_tag","embeddable":true,"href":"https:\/\/corrientesdetarde.com\/index.php\/wp-json\/wp\/v2\/tags?post=186088"}],"curies":[{"name":"wp","href":"https:\/\/api.w.org\/{rel}","templated":true}]}}