{"id":186096,"date":"2025-01-22T14:33:14","date_gmt":"2025-01-22T17:33:14","guid":{"rendered":"https:\/\/corrientesdetarde.com\/?p=186096"},"modified":"2025-01-22T14:33:20","modified_gmt":"2025-01-22T17:33:20","slug":"estrella-de-la-derecha-global-en-ascenso-las-definiciones-de-the-wall-street-journal-sobre-javier-milei","status":"publish","type":"post","link":"https:\/\/corrientesdetarde.com\/index.php\/politica\/estrella-de-la-derecha-global-en-ascenso-las-definiciones-de-the-wall-street-journal-sobre-javier-milei\/","title":{"rendered":"\u201cEstrella de la derecha global en ascenso\u201d: las definiciones de The Wall Street Journal sobre Javier Milei"},"content":{"rendered":"\n<p>El diario financiero estadounidense public\u00f3 un an\u00e1lisis del primer a\u00f1o de gesti\u00f3n libertaria. Destac\u00f3 el plan motosierra y calific\u00f3 al Presidente como \u201cun h\u00e9roe de MAGA\u201d por su relaci\u00f3n con Donald Trump.<\/p>\n\n\n\n<p>El diario estadounidense\u00a0<strong>The Wall Street Journal<\/strong>(WSJ) public\u00f3 este mi\u00e9rcoles un\u00a0<strong>nuevo art\u00edculo<\/strong>\u00a0en el que analiz\u00f3 el primer a\u00f1o de\u00a0<strong>Javier Milei<\/strong>\u00a0al frente de la presidencia y destac\u00f3 al libertario como una\u00a0<strong>\u201cestrella de la derecha global en ascenso\u201d<\/strong>.<\/p>\n\n\n\n<p>El t\u00edtulo del reporte -\u201cC\u00f3mo el duro&nbsp;<em>remake&nbsp;<\/em>de Argentina convirti\u00f3 a Javier Milei en un<strong>&nbsp;h\u00e9roe MAGA<\/strong>\u201d- hace referencia a&nbsp;<em>\u201cMake America Great Again\u201d<\/em>, el eslogan de campa\u00f1a de&nbsp;<strong>Donald Trump<\/strong>. La relaci\u00f3n del libertario con el mandatario norteamericano es uno de los focos de la nota, as\u00ed como su v\u00ednculo con&nbsp;<strong>Elon Musk<\/strong>, con quien comparte una agenda centrada en la&nbsp;<strong>desregulaci\u00f3n&nbsp;<\/strong>y el&nbsp;<strong>ajuste&nbsp;<\/strong>del Estado.<\/p>\n\n\n\n<p>\u201cUn a\u00f1o despu\u00e9s de su mandato, el presidente argentino est\u00e1&nbsp;<strong>frenando el gasto p\u00fablico<\/strong>, recortando la burocracia y&nbsp;<strong>ofreciendo sus servicios<\/strong>&nbsp;a Donald Trump\u201d, se\u00f1ala el art\u00edculo, que describe la relaci\u00f3n de Milei con el magnate como \u201cun&nbsp;<strong>romance&nbsp;<\/strong>que lleva m\u00e1s de un a\u00f1o\u201d.<\/p>\n\n\n\n<p>El WSJ plantea que el libertario \u201crecurri\u00f3 a la&nbsp;<strong>motosierra<\/strong>&nbsp;para abordar la burocracia y el gasto p\u00fablico desenfrenado que hered\u00f3 de una&nbsp;<strong>administraci\u00f3n peronista<\/strong>&nbsp;que abandon\u00f3 el Gobierno con una&nbsp;<strong>econom\u00eda en ruinas<\/strong>\u201d. Es por eso, advierte el texto, que \u201clos logros de Milei lo han convertido en una estrella entre una derecha global en ascenso, desde el presidente Trump hasta la primera ministra italiana,&nbsp;<strong>Giorgia Meloni<\/strong>\u201d.<\/p>\n\n\n\n<figure class=\"wp-block-image\"><img decoding=\"async\" src=\"https:\/\/tn.com.ar\/resizer\/v2\/milei-con-una-motosierra-la-foto-elegida-por-el-wsj-para-ilustrar-su-articulo-foto-captura-x-KIAZVN3EHNAMXI4ELAPNXNWIHM.jpg?auth=70289a44b13633892e5f5a5d66affecba8892be635972b423706c38e64e12b25&amp;width=767\" alt=\"Milei con una motosierra, la foto elegida por el WSJ para ilustrar su art\u00edculo. (Foto: captura X)\"\/><\/figure>\n\n\n\n<p>Al mencionar algunas de las&nbsp;<strong>medidas m\u00e1s importantes<\/strong>&nbsp;de Milei en su primer a\u00f1o al frente de la Casa Rosada, el prestigioso medio enfocado en negocios se\u00f1al\u00f3 que \u201c<strong>recort\u00f3 el gasto p\u00fablico real en un 30%&nbsp;<\/strong>y&nbsp;<strong>despidi\u00f3 a 36.000 trabajadores p\u00fablicos\u201d<\/strong>, adem\u00e1s de haber \u201ccerrado el&nbsp;<strong>Ministerio de las Mujeres<\/strong>, G\u00e9neros y Diversidad, paralizado la mayor\u00eda de las&nbsp;<strong>obras p\u00fablicas<\/strong>, frenado dr\u00e1sticamente las<strong>&nbsp;pensiones<\/strong>&nbsp;y recortado los<strong>&nbsp;subsidios<\/strong>&nbsp;que, entre otras cosas, proporcionaban a los argentinos la luz casi gratis\u201d.<\/p>\n\n\n\n<p>Los autores de la nota, que tuvo durante horas un lugar destacado en la p\u00e1gina web del WSJ, describen a Milei como un<strong>&nbsp;\u201cl\u00edder de pelo salvaje y patillas al estilo Wolverine\u201d&nbsp;<\/strong>y aluden a \u00e9l en varias ocasiones por el apodo&nbsp;<strong>\u201cEl Loco\u201d<\/strong>.<\/p>\n\n\n\n<p>El WSJ tambi\u00e9n se\u00f1ala los impactos sociales de estas pol\u00edticas: mientras los recortes generaron&nbsp;<strong>alivios inflacionarios<\/strong>&nbsp;y&nbsp;<strong>mejoras en los salarios reales<\/strong>, todav\u00eda persisten desaf\u00edos significativos como el&nbsp;<strong>elevado nivel de pobreza<\/strong>&nbsp;y el&nbsp;<strong>desempleo<\/strong>: \u201cMientras millones de argentinos se tambalean bajo sus recortes y medidas de austeridad, Milei se encuentra ahora bajo presi\u00f3n para que la gente vuelva a trabajar\u201d.<\/p>\n\n\n\n<p>Los autores culparon al peronismo por haber creado un Estado ineficiente que cercen\u00f3 las posibilidades de crecimiento de la Argentina: \u201cA pesar de que una econom\u00eda que alguna vez fue rica se volvi\u00f3&nbsp;<strong>persistentemente vol\u00e1til<\/strong>, el resultado fue m\u00e1s&nbsp;<strong>burocracia<\/strong>, as\u00ed como d\u00e9cadas de disfunci\u00f3n econ\u00f3mica caracterizadas por&nbsp;<strong>empresas ineficientes<\/strong>, gastos gubernamentales excesivos que alimentaron una&nbsp;<strong>alta inflaci\u00f3n y corrupci\u00f3n<\/strong>\u201d.<\/p>\n\n\n\n<p>Uno de los focos principales del art\u00edculo es la guerra contra la burocracia, en sinton\u00eda con las promesas del programa de Trump y Musk. Justamente, una fuente citada es el ministro de Desregulaci\u00f3n,&nbsp;<strong>Federico Sturzenegger<\/strong>: \u201cHay miles de normas rid\u00edculas. Para m\u00ed&nbsp;<strong>la trampa del sistema argentino est\u00e1 en sus leyes<\/strong>\u201d.<\/p>\n\n\n\n<p>A pesar de las se\u00f1ales de recuperaci\u00f3n econ\u00f3mica, el medio financiero advierte sobre otros&nbsp;<strong>obst\u00e1culos pendientes<\/strong>, como la&nbsp;<strong>escasez de reservas<\/strong>&nbsp;en el Banco Central, que limita la&nbsp;<strong>promesa de dolarizaci\u00f3n<\/strong>; y la vigencia de las restricciones cambiarias con una consecuente&nbsp;<strong>sobrevaluaci\u00f3n del peso<\/strong>&nbsp;\u201cque perjudica el crecimiento\u201d.<\/p>\n","protected":false},"excerpt":{"rendered":"<p>El diario financiero estadounidense public\u00f3 un an\u00e1lisis del primer a\u00f1o de gesti\u00f3n libertaria. Destac\u00f3 el plan motosierra y calific\u00f3 al Presidente como \u201cun h\u00e9roe de MAGA\u201d por su relaci\u00f3n con&hellip; <\/p>\n","protected":false},"author":8,"featured_media":186097,"comment_status":"closed","ping_status":"open","sticky":false,"template":"","format":"standard","meta":{"footnotes":""},"categories":[3],"tags":[],"class_list":["post-186096","post","type-post","status-publish","format-standard","has-post-thumbnail","hentry","category-politica"],"_links":{"self":[{"href":"https:\/\/corrientesdetarde.com\/index.php\/wp-json\/wp\/v2\/posts\/186096","targetHints":{"allow":["GET"]}}],"collection":[{"href":"https:\/\/corrientesdetarde.com\/index.php\/wp-json\/wp\/v2\/posts"}],"about":[{"href":"https:\/\/corrientesdetarde.com\/index.php\/wp-json\/wp\/v2\/types\/post"}],"author":[{"embeddable":true,"href":"https:\/\/corrientesdetarde.com\/index.php\/wp-json\/wp\/v2\/users\/8"}],"replies":[{"embeddable":true,"href":"https:\/\/corrientesdetarde.com\/index.php\/wp-json\/wp\/v2\/comments?post=186096"}],"version-history":[{"count":1,"href":"https:\/\/corrientesdetarde.com\/index.php\/wp-json\/wp\/v2\/posts\/186096\/revisions"}],"predecessor-version":[{"id":186098,"href":"https:\/\/corrientesdetarde.com\/index.php\/wp-json\/wp\/v2\/posts\/186096\/revisions\/186098"}],"wp:featuredmedia":[{"embeddable":true,"href":"https:\/\/corrientesdetarde.com\/index.php\/wp-json\/wp\/v2\/media\/186097"}],"wp:attachment":[{"href":"https:\/\/corrientesdetarde.com\/index.php\/wp-json\/wp\/v2\/media?parent=186096"}],"wp:term":[{"taxonomy":"category","embeddable":true,"href":"https:\/\/corrientesdetarde.com\/index.php\/wp-json\/wp\/v2\/categories?post=186096"},{"taxonomy":"post_tag","embeddable":true,"href":"https:\/\/corrientesdetarde.com\/index.php\/wp-json\/wp\/v2\/tags?post=186096"}],"curies":[{"name":"wp","href":"https:\/\/api.w.org\/{rel}","templated":true}]}}