{"id":186102,"date":"2025-01-22T15:07:07","date_gmt":"2025-01-22T18:07:07","guid":{"rendered":"https:\/\/corrientesdetarde.com\/?p=186102"},"modified":"2025-01-22T15:07:19","modified_gmt":"2025-01-22T18:07:19","slug":"javier-milei-si-las-elecciones-fueran-hoy-sacariamos-el-50-de-los-votos","status":"publish","type":"post","link":"https:\/\/corrientesdetarde.com\/index.php\/politica\/javier-milei-si-las-elecciones-fueran-hoy-sacariamos-el-50-de-los-votos\/","title":{"rendered":"Javier Milei: \u201cSi las elecciones fueran hoy, sacar\u00edamos el 50% de los votos\u201d"},"content":{"rendered":"\n<p>El Presidente tambi\u00e9n advirti\u00f3 que la Argentina podr\u00eda abandonar el Mercosur si el bloque traba un acuerdo de libre comercio con EE.UU. Ratific\u00f3 que busca financiamiento externo para acelerar la salida del cepo.<\/p>\n\n\n\n<p>El presidente\u00a0<strong>Javier Milei<\/strong>\u00a0reivindic\u00f3 los resultados de su programa econ\u00f3mico y asegur\u00f3 que \u201csi las elecciones fueran hoy, sacar\u00edamos el\u00a0<strong>50%\u00a0<\/strong>de los votos\u201d. El mandatario, antes de su presentaci\u00f3n en el<strong>\u00a0Foro Econ\u00f3mico Mundial<\/strong>\u00a0de Davos, advirti\u00f3 que podr\u00eda<strong>\u00a0abandonar el Mercosur\u00a0<\/strong>si el bloque traba un\u00a0acuerdo de libre comercio con Estados Unidos, y confirm\u00f3 que busca\u00a0<strong>financiamiento externo\u00a0<\/strong>para acelerar la salida del\u00a0<strong>cepo cambiario.<\/strong><\/p>\n\n\n\n<p>En declaraciones a la agencia de noticias&nbsp;<em>Bloomberg, e<\/em>l Presidente dijo que \u201cpara la batalla cultural no alcanzan los logros\u201d. Y plante\u00f3 que \u201cel camino para la&nbsp;<strong>prosperidad&nbsp;<\/strong>es abrazar las ideas de la libertad\u201d. Adem\u00e1s, volvi\u00f3 a cuestionar a la dirigencia pol\u00edtica:&nbsp;<strong>\u201cLa gente la est\u00e1 viendo. El problema no es la gente, sino los pol\u00edticos\u201d<\/strong>.<\/p>\n\n\n\n<p>Milei neg\u00f3 que se est\u00e9 aplicando \u201cun ajuste doloroso\u201d y afirm\u00f3: \u201cLo doloroso es lo que ha vivido la Argentina en los \u00faltimos 100 a\u00f1os\u201d.&nbsp;<strong>\u201cYo no aplique ninguna receta dolorosa.<\/strong>&nbsp;Lo que hice fue bajar la inflaci\u00f3n\u201d, indic\u00f3 Milei, y agreg\u00f3 que \u201clos argentinos est\u00e1n ahora mucho mejor\u201d que en diciembre de 2023, cuando lleg\u00f3 a la presidencia.<\/p>\n\n\n\n<h2 class=\"wp-block-heading\">El cepo al d\u00f3lar<\/h2>\n\n\n\n<ul class=\"wp-block-list\">\n<li><strong>\u201cEl cepo es aberrante y lo voy a sacar.\u00a0<\/strong>Lo que sucede es que yo soy liberal libertario, no soy liberal\u00a0<em>libertarado<\/em>\u201d.<\/li>\n\n\n\n<li>\u201cNosotros vamos a salir igual del cepo cuando logremos reconstruir el equilibrio de stocks en el Banco Central. La diferencia es que si nosotros conseguimos financiamiento la salida es m\u00e1s r\u00e1pida. Cualquier tipo de acuerdo que hagamos, ya sea con el FMI y\/o con fondos de inversi\u00f3n, no se va a utilizar para financiar el Tesoro, sino para recomponer el balance del Banco Central\u201d.<\/li>\n\n\n\n<li>\u201cUna parte tiene que ver con la estructura de esos pagos y otra con conseguir fondos nuevos para recomponer las cuentas del Banco Central, o sea, los stocks, y de esa manera acelerar la salida del cepo. Vamos a salir, pero la velocidad va a depender de cu\u00e1nto sea el monto de la operaci\u00f3n y c\u00f3mo se estructure\u201d.<\/li>\n<\/ul>\n\n\n\n<h2 class=\"wp-block-heading\">Donald Trump<\/h2>\n\n\n\n<ul class=\"wp-block-list\">\n<li><strong>\u201cEl mundo debe celebrar la llegada de Trump.<\/strong>\u00a0Su discurso fue claro y contundente. La era dorada que propone para los Estados Unidos deber\u00eda repercutir en todo el mundo para revertir la ideolog\u00eda que tanto da\u00f1o hizo\u201d.<\/li>\n\n\n\n<li>\u201cNo soy qui\u00e9n para dar una opini\u00f3n sobre las pol\u00edticas comerciales de otro pa\u00eds. Ser\u00eda irresponsable. A diferencia de otros l\u00edderes, Trump entiende muy bien la geopol\u00edtica y usa la pol\u00edtica comercial de los Estados Unidos.<strong>\u00a0No es que sea proteccionista.\u00a0<\/strong>Sabe cu\u00e1l es el rol de los Estados Unidos y su pol\u00edtica comercial es parte de su estrategia geopol\u00edtica\u201d.<\/li>\n\n\n\n<li>\u201cLos lineamientos que propone Trump<strong>\u00a0le van a hacer muy bien al mundo\u201d.<\/strong><\/li>\n<\/ul>\n\n\n\n<figure class=\"wp-block-image\"><img decoding=\"async\" src=\"https:\/\/tn.com.ar\/resizer\/v2\/trump-le-va-a-hacer-muy-bien-al-mundo-dijo-milei-foto-presidencia-argentina-HIX2FRW62RBNTEXVNP6HTYK7DA.jpg?auth=049966426818d75cbcb49494b90b23b0a0d9cf572a0a63512d3ef13e27a9b2e5&amp;width=767\" alt=\"&quot;Trump le va a hacer muy bien al mundo&quot;, dijo Milei. (Foto: Presidencia argentina)\"\/><\/figure>\n\n\n\n<h2 class=\"wp-block-heading\">Acuerdo de libre comercio con EE.UU.<\/h2>\n\n\n\n<ul class=\"wp-block-list\">\n<li>\u201cRecientemente cuando asum\u00ed la presidencia pro tempore del Mercosur se\u00f1al\u00e9 que se deb\u00eda avanzar en tres l\u00edneas: lucha contra el terrorismo, el narcotr\u00e1fico y acuerdos de libre comercio\u201d.<\/li>\n\n\n\n<li>\u201cNosotros estamos explorando la manera de que Argentina se pueda abrir al comercio internacional. La divisi\u00f3n del trabajo trae prosperidad. Lo hab\u00eda dicho Adam Smith, pasaron 250 a\u00f1os y parece que pap\u00e1 tiene raz\u00f3n. Adam Smith tiene raz\u00f3n\u201d.<\/li>\n<\/ul>\n\n\n\n<h2 class=\"wp-block-heading\">La relaci\u00f3n con China<\/h2>\n\n\n\n<ul class=\"wp-block-list\">\n<li>\u201cHemos tenido reuniones muy positivas tanto con la gente de la embajada como con Xi Jinping en Brasil.\u00a0<strong>Somos econom\u00edas complementarias y tenemos mucho para hacer juntos. Son grandes socios comerciales<\/strong>. La idea es profundizar la relaci\u00f3n comercial. Estamos planeando una visita a China\u201d.<\/li>\n<\/ul>\n\n\n\n<figure class=\"wp-block-image\"><img decoding=\"async\" src=\"https:\/\/tn.com.ar\/resizer\/v2\/milei-y-xi-jinping-en-brasil-en-noviembre-del-ano-pasado-foto-reuters-COAXARYMUQLVA5KWD6KIEMFYFQ.jpg?auth=1acb7e8577a55602d1e6c7f5836c3aa90f50f16f2f6d0878ada977a33b0c56c8&amp;width=767\" alt=\"Milei y Xi Jinping en Brasil, en noviembre del a\u00f1o pasado. (Foto: Reuters)\"\/><\/figure>\n\n\n\n<h2 class=\"wp-block-heading\">Salida a los mercados<\/h2>\n\n\n\n<ul class=\"wp-block-list\">\n<li>\u201cCuando ganamos las elecciones, el riesgo pa\u00eds estaba en torno a los 3 mil puntos b\u00e1sicos. Recientemente, perfor\u00f3 los 600 puntos, y ahora rebot\u00f3 por la toma de ganancias. Tenemos una regla fiscal de d\u00e9ficit cero. Con d\u00e9ficit cero usted no toma nueva deuda, con lo cual la relaci\u00f3n deuda-producto es decreciente. Bajamos la deuda en US$30.000 millones el \u00faltimo a\u00f1o\u201d.<\/li>\n\n\n\n<li>\u201cEn la medida en que crezca la econom\u00eda, la relaci\u00f3n deuda-PBI se ir\u00e1 achicando, mejorar\u00e1 la percepci\u00f3n de solvencia de la Argentina y, por lo tanto, mejorar\u00e1 las tasas a las que se endeudar\u00e1\u201d.<\/li>\n<\/ul>\n","protected":false},"excerpt":{"rendered":"<p>El Presidente tambi\u00e9n advirti\u00f3 que la Argentina podr\u00eda abandonar el Mercosur si el bloque traba un acuerdo de libre comercio con EE.UU. Ratific\u00f3 que busca financiamiento externo para acelerar la&hellip; <\/p>\n","protected":false},"author":8,"featured_media":186103,"comment_status":"closed","ping_status":"open","sticky":false,"template":"","format":"standard","meta":{"footnotes":""},"categories":[3],"tags":[],"class_list":["post-186102","post","type-post","status-publish","format-standard","has-post-thumbnail","hentry","category-politica"],"_links":{"self":[{"href":"https:\/\/corrientesdetarde.com\/index.php\/wp-json\/wp\/v2\/posts\/186102","targetHints":{"allow":["GET"]}}],"collection":[{"href":"https:\/\/corrientesdetarde.com\/index.php\/wp-json\/wp\/v2\/posts"}],"about":[{"href":"https:\/\/corrientesdetarde.com\/index.php\/wp-json\/wp\/v2\/types\/post"}],"author":[{"embeddable":true,"href":"https:\/\/corrientesdetarde.com\/index.php\/wp-json\/wp\/v2\/users\/8"}],"replies":[{"embeddable":true,"href":"https:\/\/corrientesdetarde.com\/index.php\/wp-json\/wp\/v2\/comments?post=186102"}],"version-history":[{"count":1,"href":"https:\/\/corrientesdetarde.com\/index.php\/wp-json\/wp\/v2\/posts\/186102\/revisions"}],"predecessor-version":[{"id":186104,"href":"https:\/\/corrientesdetarde.com\/index.php\/wp-json\/wp\/v2\/posts\/186102\/revisions\/186104"}],"wp:featuredmedia":[{"embeddable":true,"href":"https:\/\/corrientesdetarde.com\/index.php\/wp-json\/wp\/v2\/media\/186103"}],"wp:attachment":[{"href":"https:\/\/corrientesdetarde.com\/index.php\/wp-json\/wp\/v2\/media?parent=186102"}],"wp:term":[{"taxonomy":"category","embeddable":true,"href":"https:\/\/corrientesdetarde.com\/index.php\/wp-json\/wp\/v2\/categories?post=186102"},{"taxonomy":"post_tag","embeddable":true,"href":"https:\/\/corrientesdetarde.com\/index.php\/wp-json\/wp\/v2\/tags?post=186102"}],"curies":[{"name":"wp","href":"https:\/\/api.w.org\/{rel}","templated":true}]}}