{"id":186132,"date":"2025-01-22T16:18:50","date_gmt":"2025-01-22T19:18:50","guid":{"rendered":"https:\/\/corrientesdetarde.com\/?p=186132"},"modified":"2025-01-22T16:19:00","modified_gmt":"2025-01-22T19:19:00","slug":"mascherano-se-metio-en-la-polemica-por-los-silbidos-de-los-hinchas-mexicanos-a-messi-suelen-ser-hostiles","status":"publish","type":"post","link":"https:\/\/corrientesdetarde.com\/index.php\/deportes\/mascherano-se-metio-en-la-polemica-por-los-silbidos-de-los-hinchas-mexicanos-a-messi-suelen-ser-hostiles\/","title":{"rendered":"Mascherano se meti\u00f3 en la pol\u00e9mica por los silbidos de los hinchas mexicanos a Messi: \u201cSuelen ser hostiles\u201d"},"content":{"rendered":"\n<p>El entrenador del Inter Miami opin\u00f3 sobre el adem\u00e1n del capit\u00e1n de la Selecci\u00f3n argentina contra el p\u00fablico que lo silb\u00f3 y lo abuche\u00f3.<\/p>\n\n\n\n<p>Despu\u00e9s de toda la pol\u00e9mica por el festejo provocativo de <strong>Lionel Messi<\/strong>en el partido del\u00a0<strong>Inter Miami ante el Am\u00e9rica<\/strong>,\u00a0<strong>Javier Mascherano<\/strong>\u00a0opin\u00f3 al respecto y calm\u00f3 las aguas.<\/p>\n\n\n\n<p>El entrenador del conjunto estadounidense asegur\u00f3: \u201c<strong>No lo he hablado con Leo<\/strong>, pero la verdad es que tampoco le he dado demasiada importancia\u201d.<\/p>\n\n\n\n<p>Enseguida, Mascherano continu\u00f3: \u201cCreo que<strong>&nbsp;nosotros tenemos temas m\u00e1s importantes&nbsp;<\/strong>de los que ocuparnos\u201d.<\/p>\n\n\n\n<p>En ese sentido, el director t\u00e9cnico explic\u00f3: \u201cL\u00f3gicamente me ha tocado jugar contra equipos mexicanos y contra la Selecci\u00f3n de M\u00e9xico, sabemos que&nbsp;<strong>suelen ser hostiles con nosotros<\/strong>&nbsp;los argentinos\u201d.<\/p>\n\n\n\n<p>Por \u00faltimo, Mascherano intent\u00f3 buscar una raz\u00f3n a los insultos que sufri\u00f3 Messi en el primer amistoso del a\u00f1o del Inter Miami: \u201cCreo que tambi\u00e9n despu\u00e9s del Mundial<strong>&nbsp;esa herida todav\u00eda est\u00e1 abierta<\/strong>\u201d.<\/p>\n\n\n\n<figure class=\"wp-block-image\"><img decoding=\"async\" src=\"https:\/\/tn.com.ar\/resizer\/v2\/lionel-messi-metio-el-primer-gol-del-inter-miami-en-el-ano-foto-reuters-H7ZGYUN27JCDNBYEYLNUAYCXQI.jpg?auth=fb974e597bea820ddd1f64ee83dd92f1141bf17fe0fbde9a787a1a867e7b730c&amp;width=767\" alt=\"Lionel Messi meti\u00f3 el primer gol del Inter Miami en el a\u00f1o. (Foto: Reuters)\"\/><\/figure>\n\n\n\n<h2 class=\"wp-block-heading\">Cu\u00e1ndo vuelve a jugar el Inter Miami de Lionel Messi y c\u00f3mo sigue su gira por Am\u00e9rica<\/h2>\n\n\n\n<p>Las Garzas jugar\u00e1n cinco partidos en Am\u00e9rica del Norte, Am\u00e9rica del Sur y Am\u00e9rica Central hasta el 14 de febrero:<\/p>\n\n\n\n<ul class=\"wp-block-list\">\n<li>Mi\u00e9rcoles 29 de enero vs. Club Universitario de Deportes en el Estadio Monumental de Lima, Per\u00fa.<\/li>\n\n\n\n<li>Domingo 2 de febrero vs. Sporting San Miguelito en el Estadio Rommel Fern\u00e1ndez Guti\u00e9rrez en la ciudad de Panam\u00e1.<\/li>\n\n\n\n<li>S\u00e1bado 8 de febrero contra Club Deportivo Olimpia en el Estadio Ol\u00edmpico Metropolitano en San Pedro Sula, Honduras.<\/li>\n\n\n\n<li>Viernes 14 de febrero contra Orlando City SC en el Estadio Raymond James en Tampa, Florida.<\/li>\n<\/ul>\n","protected":false},"excerpt":{"rendered":"<p>El entrenador del Inter Miami opin\u00f3 sobre el adem\u00e1n del capit\u00e1n de la Selecci\u00f3n argentina contra el p\u00fablico que lo silb\u00f3 y lo abuche\u00f3. Despu\u00e9s de toda la pol\u00e9mica por&hellip; <\/p>\n","protected":false},"author":8,"featured_media":186133,"comment_status":"closed","ping_status":"open","sticky":false,"template":"","format":"standard","meta":{"footnotes":""},"categories":[4],"tags":[],"class_list":["post-186132","post","type-post","status-publish","format-standard","has-post-thumbnail","hentry","category-deportes"],"_links":{"self":[{"href":"https:\/\/corrientesdetarde.com\/index.php\/wp-json\/wp\/v2\/posts\/186132","targetHints":{"allow":["GET"]}}],"collection":[{"href":"https:\/\/corrientesdetarde.com\/index.php\/wp-json\/wp\/v2\/posts"}],"about":[{"href":"https:\/\/corrientesdetarde.com\/index.php\/wp-json\/wp\/v2\/types\/post"}],"author":[{"embeddable":true,"href":"https:\/\/corrientesdetarde.com\/index.php\/wp-json\/wp\/v2\/users\/8"}],"replies":[{"embeddable":true,"href":"https:\/\/corrientesdetarde.com\/index.php\/wp-json\/wp\/v2\/comments?post=186132"}],"version-history":[{"count":1,"href":"https:\/\/corrientesdetarde.com\/index.php\/wp-json\/wp\/v2\/posts\/186132\/revisions"}],"predecessor-version":[{"id":186134,"href":"https:\/\/corrientesdetarde.com\/index.php\/wp-json\/wp\/v2\/posts\/186132\/revisions\/186134"}],"wp:featuredmedia":[{"embeddable":true,"href":"https:\/\/corrientesdetarde.com\/index.php\/wp-json\/wp\/v2\/media\/186133"}],"wp:attachment":[{"href":"https:\/\/corrientesdetarde.com\/index.php\/wp-json\/wp\/v2\/media?parent=186132"}],"wp:term":[{"taxonomy":"category","embeddable":true,"href":"https:\/\/corrientesdetarde.com\/index.php\/wp-json\/wp\/v2\/categories?post=186132"},{"taxonomy":"post_tag","embeddable":true,"href":"https:\/\/corrientesdetarde.com\/index.php\/wp-json\/wp\/v2\/tags?post=186132"}],"curies":[{"name":"wp","href":"https:\/\/api.w.org\/{rel}","templated":true}]}}