{"id":186135,"date":"2025-01-22T19:24:38","date_gmt":"2025-01-22T22:24:38","guid":{"rendered":"https:\/\/corrientesdetarde.com\/?p=186135"},"modified":"2025-01-22T19:24:43","modified_gmt":"2025-01-22T22:24:43","slug":"un-enfermero-fue-detenido-por-mostrarle-los-genitales-a-una-nena-mientras-iban-por-la-calle","status":"publish","type":"post","link":"https:\/\/corrientesdetarde.com\/index.php\/policiales\/un-enfermero-fue-detenido-por-mostrarle-los-genitales-a-una-nena-mientras-iban-por-la-calle\/","title":{"rendered":"Un enfermero fue detenido por mostrarle los genitales a una nena mientras iban por la calle"},"content":{"rendered":"\n<p>La chica de 11 a\u00f1os pudo escapar con la ayuda de una vecina que presenci\u00f3 la situaci\u00f3n.<\/p>\n\n\n\n<p>Una nena de 11 a\u00f1os fue v\u00edctima de un violento hecho el domingo a la ma\u00f1ana cuando iba a un kiosco cerca de su casa en el barrio Provincias Unidas, en Chaco.<\/p>\n\n\n\n<p>&nbsp;Seg\u00fan la denuncia que present\u00f3 el padre de la chica, un hombre intercept\u00f3 a su hija cuando caminaba por la calle y la agarr\u00f3 del brazo, pero ella logr\u00f3 soltarse y pudo escapar. A\u00fan as\u00ed, el hombre comenz\u00f3 a masturbarse delante de ella al mismo tiempo que le ped\u00eda que regresara.<\/p>\n\n\n\n<p>&#8220;Me hac\u00eda se\u00f1as mientras se desprend\u00eda el pantal\u00f3n&#8221;, detall\u00f3 la propia v\u00edctima m\u00e1s tarde, en un breve di\u00e1logo con el medio NGFederal. Justo en ese momento, agreg\u00f3, una vecina que hab\u00eda observado la situaci\u00f3n decidi\u00f3 intervenir y la acompa\u00f1\u00f3 de vuelta hasta su casa mientras el acosador se daba a la fuga perseguido por otro testigo.<\/p>\n\n\n\n<p>Un d\u00eda despu\u00e9s, efectivos del Departamento de Investigaciones Complejas capturaron al sospechoso en un domicilio ubicado sobre la calle Vedia al 1100.<\/p>\n\n\n\n<p>Seg\u00fan detall\u00f3 una fuente cercana a la causa a Diario Norte, el video de una c\u00e1mara de seguridad que capt\u00f3 el momento de la agresi\u00f3n fue clave para identificar al acusado, un hombre de 30 a\u00f1os llamado Dar\u00edo Montiel que trabaja como chofer de ambulancias de una empresa privada.<\/p>\n\n\n\n<p>Durante su detenci\u00f3n, el sujeto llevaba puesto el ambo de enfermero y las zapatillas que usaba al momento del hecho. Tambi\u00e9n le secuestraron una mochila.<\/p>\n\n\n\n<p>El caso es investigado por la fiscal Ana Gonz\u00e1lez de Pacce, quien en las pr\u00f3ximas horas indagar\u00e1 al detenido por el delito de &#8220;exhibiciones obscenas&#8221;.<\/p>\n\n\n\n<p>Adem\u00e1s, los investigadores aseguraron que Montiel cuenta con una causa en curso por un hecho similiar de intento de abuso sexual que habr\u00eda ocurrido en el barrio G\u00fciraldes, en el sur de Resistencia.<\/p>\n","protected":false},"excerpt":{"rendered":"<p>La chica de 11 a\u00f1os pudo escapar con la ayuda de una vecina que presenci\u00f3 la situaci\u00f3n. Una nena de 11 a\u00f1os fue v\u00edctima de un violento hecho el domingo&hellip; <\/p>\n","protected":false},"author":4,"featured_media":186141,"comment_status":"closed","ping_status":"open","sticky":false,"template":"","format":"standard","meta":{"footnotes":""},"categories":[33],"tags":[],"class_list":["post-186135","post","type-post","status-publish","format-standard","has-post-thumbnail","hentry","category-policiales"],"_links":{"self":[{"href":"https:\/\/corrientesdetarde.com\/index.php\/wp-json\/wp\/v2\/posts\/186135","targetHints":{"allow":["GET"]}}],"collection":[{"href":"https:\/\/corrientesdetarde.com\/index.php\/wp-json\/wp\/v2\/posts"}],"about":[{"href":"https:\/\/corrientesdetarde.com\/index.php\/wp-json\/wp\/v2\/types\/post"}],"author":[{"embeddable":true,"href":"https:\/\/corrientesdetarde.com\/index.php\/wp-json\/wp\/v2\/users\/4"}],"replies":[{"embeddable":true,"href":"https:\/\/corrientesdetarde.com\/index.php\/wp-json\/wp\/v2\/comments?post=186135"}],"version-history":[{"count":1,"href":"https:\/\/corrientesdetarde.com\/index.php\/wp-json\/wp\/v2\/posts\/186135\/revisions"}],"predecessor-version":[{"id":186142,"href":"https:\/\/corrientesdetarde.com\/index.php\/wp-json\/wp\/v2\/posts\/186135\/revisions\/186142"}],"wp:featuredmedia":[{"embeddable":true,"href":"https:\/\/corrientesdetarde.com\/index.php\/wp-json\/wp\/v2\/media\/186141"}],"wp:attachment":[{"href":"https:\/\/corrientesdetarde.com\/index.php\/wp-json\/wp\/v2\/media?parent=186135"}],"wp:term":[{"taxonomy":"category","embeddable":true,"href":"https:\/\/corrientesdetarde.com\/index.php\/wp-json\/wp\/v2\/categories?post=186135"},{"taxonomy":"post_tag","embeddable":true,"href":"https:\/\/corrientesdetarde.com\/index.php\/wp-json\/wp\/v2\/tags?post=186135"}],"curies":[{"name":"wp","href":"https:\/\/api.w.org\/{rel}","templated":true}]}}