{"id":186140,"date":"2025-01-22T19:26:25","date_gmt":"2025-01-22T22:26:25","guid":{"rendered":"https:\/\/corrientesdetarde.com\/?p=186140"},"modified":"2025-01-22T19:26:37","modified_gmt":"2025-01-22T22:26:37","slug":"fuerte-caida-en-las-ventas-de-combustibles-en-corrientes","status":"publish","type":"post","link":"https:\/\/corrientesdetarde.com\/index.php\/economia\/fuerte-caida-en-las-ventas-de-combustibles-en-corrientes\/","title":{"rendered":"Fuerte ca\u00edda en las ventas de combustibles en Corrientes"},"content":{"rendered":"\n<p>Las estaciones de servicio de Corrientes registraron una de las mayores retracciones del pa\u00eds, impulsada por la p\u00e9rdida de poder adquisitivo, el aumento de costos y la disminuci\u00f3n de consumidores extranjeros.<\/p>\n\n\n\n<p>A pesar que los precios de los combustibles vienen aumentando por debajo de la inflaci\u00f3n, el consumo no logra revertir la tendencia decreciente que comenz\u00f3 hace exactamente un a\u00f1o.<\/p>\n\n\n\n<p>De acuerdo a un reciente informe de la Secretar\u00eda de Energ\u00eda de la Naci\u00f3n en base a datos provistos por las compa\u00f1\u00edas que act\u00faan en el mercado, las ventas de nafta y gasoil al p\u00fablico retrocedieron en diciembre 5.67 por ciento respecto al mismo mes del a\u00f1o anterior y 1.66 por ciento si se contrapone con noviembre.<\/p>\n\n\n\n<p>En lo que respecta a la demanda anual, las cifras oficiales confirman la recesi\u00f3n: -8.89 por ciento si se confronta 2024 con 2023.<\/p>\n\n\n\n<p>En este comparativo, el producto de mayor retracci\u00f3n fue la nafta Premium, con una ca\u00edda interanual del -18.76 por ciento; seguido por el gasoil tradicional, -13.13 por ciento; el di\u00e9sel de menor cantidad de azufre, -6.45 por ciento y la nafta s\u00faper, -2.89 por ciento.<\/p>\n\n\n\n<p>&nbsp;Asimismo y debido a que por la paridad de precios, a los extranjeros ya no les resulta conveniente cruzar la frontera para abastecerse,&nbsp;<strong>las provincias que lideraron el retroceso interanual de ventas fueron Formosa con -27.17 por ciento; seguida por Misiones, -25,29 por ciento; Corrientes, -19.85 por ciento y Entre R\u00edos, -15.85 por ciento.<\/strong><\/p>\n\n\n\n<p>El relevamiento tambi\u00e9n resalta ca\u00eddas significativas en otras regiones. Por ejemplo, la provincia de Buenos Aires registr\u00f3 un retroceso del 7,17 por ciento, mientras que Catamarca y Chaco mostraron descensos de -7,38 por ciento y -12,11 por ciento, respectivamente. En la Ciudad Aut\u00f3noma de Buenos Aires, la ca\u00edda fue m\u00e1s moderada, con un -1,49 por ciento.<\/p>\n\n\n\n<p>Los actores del sector apuntan a varios factores que contribuyeron a esta situaci\u00f3n: la p\u00e9rdida de poder adquisitivo, los costos crecientes para los consumidores y una econom\u00eda que a\u00fan no logra recuperarse del todo. A pesar de las esperanzas puestas en una estabilizaci\u00f3n de los indicadores macro, el mercado de combustibles sigue siendo uno de los m\u00e1s afectados por la incertidumbre y las fluctuaciones de la demanda.<\/p>\n","protected":false},"excerpt":{"rendered":"<p>Las estaciones de servicio de Corrientes registraron una de las mayores retracciones del pa\u00eds, impulsada por la p\u00e9rdida de poder adquisitivo, el aumento de costos y la disminuci\u00f3n de consumidores&hellip; <\/p>\n","protected":false},"author":4,"featured_media":186143,"comment_status":"closed","ping_status":"open","sticky":false,"template":"","format":"standard","meta":{"footnotes":""},"categories":[20],"tags":[],"class_list":["post-186140","post","type-post","status-publish","format-standard","has-post-thumbnail","hentry","category-economia"],"_links":{"self":[{"href":"https:\/\/corrientesdetarde.com\/index.php\/wp-json\/wp\/v2\/posts\/186140","targetHints":{"allow":["GET"]}}],"collection":[{"href":"https:\/\/corrientesdetarde.com\/index.php\/wp-json\/wp\/v2\/posts"}],"about":[{"href":"https:\/\/corrientesdetarde.com\/index.php\/wp-json\/wp\/v2\/types\/post"}],"author":[{"embeddable":true,"href":"https:\/\/corrientesdetarde.com\/index.php\/wp-json\/wp\/v2\/users\/4"}],"replies":[{"embeddable":true,"href":"https:\/\/corrientesdetarde.com\/index.php\/wp-json\/wp\/v2\/comments?post=186140"}],"version-history":[{"count":2,"href":"https:\/\/corrientesdetarde.com\/index.php\/wp-json\/wp\/v2\/posts\/186140\/revisions"}],"predecessor-version":[{"id":186145,"href":"https:\/\/corrientesdetarde.com\/index.php\/wp-json\/wp\/v2\/posts\/186140\/revisions\/186145"}],"wp:featuredmedia":[{"embeddable":true,"href":"https:\/\/corrientesdetarde.com\/index.php\/wp-json\/wp\/v2\/media\/186143"}],"wp:attachment":[{"href":"https:\/\/corrientesdetarde.com\/index.php\/wp-json\/wp\/v2\/media?parent=186140"}],"wp:term":[{"taxonomy":"category","embeddable":true,"href":"https:\/\/corrientesdetarde.com\/index.php\/wp-json\/wp\/v2\/categories?post=186140"},{"taxonomy":"post_tag","embeddable":true,"href":"https:\/\/corrientesdetarde.com\/index.php\/wp-json\/wp\/v2\/tags?post=186140"}],"curies":[{"name":"wp","href":"https:\/\/api.w.org\/{rel}","templated":true}]}}