{"id":186151,"date":"2025-01-22T19:33:44","date_gmt":"2025-01-22T22:33:44","guid":{"rendered":"https:\/\/corrientesdetarde.com\/?p=186151"},"modified":"2025-01-22T19:33:49","modified_gmt":"2025-01-22T22:33:49","slug":"sigue-la-busqueda-del-joven-desaparecido-en-esquina-hace-casi-tres-semanas","status":"publish","type":"post","link":"https:\/\/corrientesdetarde.com\/index.php\/sociales\/sigue-la-busqueda-del-joven-desaparecido-en-esquina-hace-casi-tres-semanas\/","title":{"rendered":"Sigue la b\u00fasqueda del joven desaparecido en Esquina hace casi tres semanas"},"content":{"rendered":"\n<p>La Polic\u00eda de Corrientes intensifica los operativos de b\u00fasqueda de Ezequiel Monz\u00f3n, desaparecido desde el 5 de enero. Equipos especializados trabajan por tierra, agua y aire en Esquina, mientras solicitan la colaboraci\u00f3n de la comunidad para aportar cualquier informaci\u00f3n.<\/p>\n\n\n\n<figure class=\"wp-block-image\"><img decoding=\"async\" src=\"https:\/\/www.lt7noticias.com\/content\/bucket\/1\/72241w850h1202c.jpg.webp\" alt=\"\"\/><\/figure>\n\n\n\n<p><a target=\"_blank\" rel=\"noreferrer noopener\" href=\"https:\/\/api.whatsapp.com\/send?text=Sigue%20la%20b%C3%BAsqueda%20del%20joven%20desaparecido%20en%20Esquina%20hace%20casi%20tres%20semanas%20-%20https:\/\/www.lt7noticias.com\/65883-sigue-la-busqueda-del-joven-desaparecido-en-esquina-hace-casi-tres-semanas?utm_source=WhatsApp%26utm_medium=WhatsApp%26utm_campaign=WhatsApp%26utm_term=WhatsApp\"><\/a>&nbsp;<a href=\"https:\/\/www.lt7noticias.com\/65883-sigue-la-busqueda-del-joven-desaparecido-en-esquina-hace-casi-tres-semanas#\"><\/a>&nbsp;<a href=\"https:\/\/www.lt7noticias.com\/65883-sigue-la-busqueda-del-joven-desaparecido-en-esquina-hace-casi-tres-semanas#\"><\/a><\/p>\n\n\n\n<p>La b\u00fasqueda de Eduardo Ezequiel&nbsp;Monz\u00f3n, el joven de 29 a\u00f1os desaparecido desde la madrugada del pasado 5 de enero, contin\u00faa intensific\u00e1ndose en la localidad de Esquina. La Polic\u00eda de Corrientes, junto con fuerzas de apoyo, ha incrementado los esfuerzos de rastrillaje en un intento por dar con su paradero.<\/p>\n\n\n\n<p>En las \u00faltimas horas, se sumaron a los operativos equipos especializados de la Polic\u00eda Rural y Ecol\u00f3gica provenientes de Goya, Bella Vista y Esquina, junto con divisiones de Caballer\u00eda, Drones y Canes. Adem\u00e1s, se incorporaron lanchas para rastrear el canal del r\u00edo Corriente, cerca del lugar donde Monz\u00f3n fue visto con vida por \u00faltima vez.<\/p>\n\n\n\n<p>La b\u00fasqueda cuenta con la coordinaci\u00f3n del Comisario General H\u00e9ctor Daniel Gauna, el Comisario Mayor Valent\u00edn Morales y el Comisario Mayor Carlos Quiroz, quienes encabezan las labores junto a efectivos de la Prefectura Naval Argentina, Bomberos Voluntarios y grupos de ciudadanos que se han sumado de manera solidaria.<\/p>\n\n\n\n<p>Pese a las altas temperaturas y las dificultades propias de los terrenos inh\u00f3spitos, los equipos contin\u00faan trabajando incansablemente en operativos por tierra, agua y aire. Sin embargo, hasta el momento no se han reportado avances significativos en la localizaci\u00f3n de Monz\u00f3n.<\/p>\n\n\n\n<p>Las autoridades solicitan a la comunidad cualquier informaci\u00f3n que pueda ayudar a dar con el paradero de Ezequiel Monz\u00f3n, reiterando su compromiso de no cesar en los esfuerzos hasta esclarecer lo sucedido.<\/p>\n\n\n\n<p>Quienes tengan datos que aportar pueden comunicarse con la Comisar\u00eda 1ra de Esquina al 3794950969, a la dependencia policial m\u00e1s cercana a su domicilio o al 911 en la capital y al 101 en el interior provincial.<\/p>\n\n\n\n<p>Los familiares del joven mantienen viva la esperanza de hallarlo y agradecen la solidaridad de quienes se han sumado a las tareas de b\u00fasqueda en este dif\u00edcil momento.<\/p>\n","protected":false},"excerpt":{"rendered":"<p>La Polic\u00eda de Corrientes intensifica los operativos de b\u00fasqueda de Ezequiel Monz\u00f3n, desaparecido desde el 5 de enero. Equipos especializados trabajan por tierra, agua y aire en Esquina, mientras solicitan&hellip; <\/p>\n","protected":false},"author":4,"featured_media":186152,"comment_status":"closed","ping_status":"open","sticky":false,"template":"","format":"standard","meta":{"footnotes":""},"categories":[17],"tags":[],"class_list":["post-186151","post","type-post","status-publish","format-standard","has-post-thumbnail","hentry","category-sociales"],"_links":{"self":[{"href":"https:\/\/corrientesdetarde.com\/index.php\/wp-json\/wp\/v2\/posts\/186151","targetHints":{"allow":["GET"]}}],"collection":[{"href":"https:\/\/corrientesdetarde.com\/index.php\/wp-json\/wp\/v2\/posts"}],"about":[{"href":"https:\/\/corrientesdetarde.com\/index.php\/wp-json\/wp\/v2\/types\/post"}],"author":[{"embeddable":true,"href":"https:\/\/corrientesdetarde.com\/index.php\/wp-json\/wp\/v2\/users\/4"}],"replies":[{"embeddable":true,"href":"https:\/\/corrientesdetarde.com\/index.php\/wp-json\/wp\/v2\/comments?post=186151"}],"version-history":[{"count":1,"href":"https:\/\/corrientesdetarde.com\/index.php\/wp-json\/wp\/v2\/posts\/186151\/revisions"}],"predecessor-version":[{"id":186153,"href":"https:\/\/corrientesdetarde.com\/index.php\/wp-json\/wp\/v2\/posts\/186151\/revisions\/186153"}],"wp:featuredmedia":[{"embeddable":true,"href":"https:\/\/corrientesdetarde.com\/index.php\/wp-json\/wp\/v2\/media\/186152"}],"wp:attachment":[{"href":"https:\/\/corrientesdetarde.com\/index.php\/wp-json\/wp\/v2\/media?parent=186151"}],"wp:term":[{"taxonomy":"category","embeddable":true,"href":"https:\/\/corrientesdetarde.com\/index.php\/wp-json\/wp\/v2\/categories?post=186151"},{"taxonomy":"post_tag","embeddable":true,"href":"https:\/\/corrientesdetarde.com\/index.php\/wp-json\/wp\/v2\/tags?post=186151"}],"curies":[{"name":"wp","href":"https:\/\/api.w.org\/{rel}","templated":true}]}}