{"id":186322,"date":"2025-01-23T15:39:20","date_gmt":"2025-01-23T18:39:20","guid":{"rendered":"https:\/\/corrientesdetarde.com\/?p=186322"},"modified":"2025-01-23T15:39:24","modified_gmt":"2025-01-23T18:39:24","slug":"el-gobierno-ampliara-la-reforma-aerocomercial-y-aplicara-cambios-que-elevaran-las-tensiones-con-los-gremios","status":"publish","type":"post","link":"https:\/\/corrientesdetarde.com\/index.php\/politica\/el-gobierno-ampliara-la-reforma-aerocomercial-y-aplicara-cambios-que-elevaran-las-tensiones-con-los-gremios\/","title":{"rendered":"El Gobierno ampliar\u00e1 la reforma aerocomercial y aplicar\u00e1 cambios que elevar\u00e1n las tensiones con los gremios"},"content":{"rendered":"\n<p>El equipo del ministro Federico Sturzenegger est\u00e1 trabajando en nuevas modificaciones sobre la reglamentaci\u00f3n del C\u00f3digo Aeron\u00e1utico. \u201cLa idea es dar algunas facilidades m\u00e1s para el rubro\u201d, expresaron fuentes en la Casa Rosada.<a href=\"https:\/\/tn.com.ar\/autor\/Isalerno\/\"><\/a><\/p>\n\n\n\n<p><strong>El\u00a0Gobierno\u00a0prepara un decreto para profundizar la\u00a0reforma aerocomercial<\/strong>\u00a0y prev\u00e9 una escalada de tensi\u00f3n con los gremios en los primeros meses de 2025. Se trata de nuevas desregulaciones que ampl\u00eden los cambios que impuls\u00f3 el Ejecutivo en la norma 599\/2024.<\/p>\n\n\n\n<p>El equipo del ministro de Desregulaci\u00f3n y Transformaci\u00f3n de Estado,&nbsp;<strong>Federico Sturzenegger, est\u00e1 trabajando en nuevas modificaciones sobre la reglamentaci\u00f3n del C\u00f3digo Aeron\u00e1utico<\/strong>&nbsp;(Ley 17.285). \u201cLa idea es dar algunas facilidades m\u00e1s para el rubro\u201d, expresan en Naci\u00f3n.<\/p>\n\n\n\n<p>Seg\u00fan pudo saber\u00a0, la iniciativa\u00a0<strong>contiene una profundizaci\u00f3n de la desregulaci\u00f3n tarifaria que impuls\u00f3 el DNU 70\/2023<\/strong>. En Balcarce 50 sostienen que \u201cse va a eliminar todo lo relacionado a las tarifas\u201d y aseguran que tambi\u00e9n habr\u00e1 una revisi\u00f3n sobre el art\u00edculo que dispone la estructura de obligaciones contables de las aerol\u00edneas.<\/p>\n\n\n\n<p>El decreto incluye adem\u00e1s cambios en el r\u00e9gimen de autorizaciones de rutas y en el sistema de inscripci\u00f3n de contratos.&nbsp;<strong>Planean establecer una figura de matriculaci\u00f3n m\u00e1s expeditiva y buscan acelerar el proceso&nbsp;<\/strong>de registro de las empresas que busquen operar.<\/p>\n\n\n\n<figure class=\"wp-block-image\"><img decoding=\"async\" src=\"https:\/\/tn.com.ar\/resizer\/v2\/el-gobierno-busca-compradores-de-aerolineas-argentinas-mientras-prepara-un-decreto-para-profundizar-la-reforma-aerocomercial-foto-reutersagustin-marcarian-ESWBRAYXMZESTGNYG6S7EXTUWA.jpg?auth=74893a3b5e4e5a7fdeef3d95798cb227e2b05a4060ab2c3fd851ceefc3af8cf8&amp;width=767\" alt=\"\u2060El Gobierno busca compradores de Aerol\u00edneas Argentinas mientras prepara un decreto para profundizar la reforma aerocomercial (Foto: REUTERS\/Agustin Marcarian). \"\/><\/figure>\n\n\n\n<p>El Gobierno&nbsp;<strong>busca adem\u00e1s modificar el R\u00e9gimen de Trabajo A\u00e9reo (decreto 2836\/71)<\/strong>, que fija las condiciones para la explotaci\u00f3n comercial de naves que incluyen el traslado de personas y sus diversos servicios. Quieren reescribir el art\u00edculo 5 y suprimir la palabra \u201ct\u00e9cnica\u201d de forma que las empresas s\u00f3lo deban \u201cposeer capacidad econ\u00f3mica\u201d para calificar y acreditarse.<\/p>\n\n\n\n<p>El Ejecutivo&nbsp;<strong>quiere avanzar tambi\u00e9n con la incorporaci\u00f3n de la figura de la matr\u00edcula extranjera para aviones&nbsp;<\/strong>junto con el otorgamiento de autorizaciones al personal. Forma parte de los cambios que impuls\u00f3 el DNU 70\/2023 en los art\u00edculos 106 y 107 del C\u00f3digo Aeron\u00e1utico.<\/p>\n\n\n\n<p>La Casa Rosada tambi\u00e9n&nbsp;<strong>prepara la derogaci\u00f3n del decreto que regula las horas m\u00e1ximas de vuelo y el descanso de los pilotos<\/strong>. Se trata de la norma 778\/2021 -que reglamenta el t\u00edtulo V del C\u00f3digo Aeron\u00e1utico (Ley 17.285)- que establece que cada miembro de la tripulaci\u00f3n debe tener un m\u00ednimo de 36 consecutivas de sue\u00f1o en base o fuera de ella en una semana completa de trabajo.<\/p>\n\n\n\n<p>En Balcarce 50 esperan una escalada de la tensi\u00f3n con los gremios aeron\u00e1uticos por las medidas y&nbsp;<strong>planean impulsarlas luego de la temporada alta<\/strong>. En Naci\u00f3n aseguran adem\u00e1s que buscan acelerar la privatizaci\u00f3n de Aerol\u00edneas Argentinas a la par del decreto. Ya hubo reuniones entre funcionarios y representantes de Avianca, Air Europa y Arajet.<\/p>\n","protected":false},"excerpt":{"rendered":"<p>El equipo del ministro Federico Sturzenegger est\u00e1 trabajando en nuevas modificaciones sobre la reglamentaci\u00f3n del C\u00f3digo Aeron\u00e1utico. \u201cLa idea es dar algunas facilidades m\u00e1s para el rubro\u201d, expresaron fuentes en&hellip; <\/p>\n","protected":false},"author":8,"featured_media":186323,"comment_status":"closed","ping_status":"open","sticky":false,"template":"","format":"standard","meta":{"footnotes":""},"categories":[3],"tags":[],"class_list":["post-186322","post","type-post","status-publish","format-standard","has-post-thumbnail","hentry","category-politica"],"_links":{"self":[{"href":"https:\/\/corrientesdetarde.com\/index.php\/wp-json\/wp\/v2\/posts\/186322","targetHints":{"allow":["GET"]}}],"collection":[{"href":"https:\/\/corrientesdetarde.com\/index.php\/wp-json\/wp\/v2\/posts"}],"about":[{"href":"https:\/\/corrientesdetarde.com\/index.php\/wp-json\/wp\/v2\/types\/post"}],"author":[{"embeddable":true,"href":"https:\/\/corrientesdetarde.com\/index.php\/wp-json\/wp\/v2\/users\/8"}],"replies":[{"embeddable":true,"href":"https:\/\/corrientesdetarde.com\/index.php\/wp-json\/wp\/v2\/comments?post=186322"}],"version-history":[{"count":1,"href":"https:\/\/corrientesdetarde.com\/index.php\/wp-json\/wp\/v2\/posts\/186322\/revisions"}],"predecessor-version":[{"id":186324,"href":"https:\/\/corrientesdetarde.com\/index.php\/wp-json\/wp\/v2\/posts\/186322\/revisions\/186324"}],"wp:featuredmedia":[{"embeddable":true,"href":"https:\/\/corrientesdetarde.com\/index.php\/wp-json\/wp\/v2\/media\/186323"}],"wp:attachment":[{"href":"https:\/\/corrientesdetarde.com\/index.php\/wp-json\/wp\/v2\/media?parent=186322"}],"wp:term":[{"taxonomy":"category","embeddable":true,"href":"https:\/\/corrientesdetarde.com\/index.php\/wp-json\/wp\/v2\/categories?post=186322"},{"taxonomy":"post_tag","embeddable":true,"href":"https:\/\/corrientesdetarde.com\/index.php\/wp-json\/wp\/v2\/tags?post=186322"}],"curies":[{"name":"wp","href":"https:\/\/api.w.org\/{rel}","templated":true}]}}