{"id":186469,"date":"2025-01-24T10:21:04","date_gmt":"2025-01-24T13:21:04","guid":{"rendered":"https:\/\/corrientesdetarde.com\/?p=186469"},"modified":"2025-01-24T10:21:10","modified_gmt":"2025-01-24T13:21:10","slug":"una-avioneta-cargada-de-cocaina-realizo-un-aterrizaje-de-emergencia-hay-dos-detenidos","status":"publish","type":"post","link":"https:\/\/corrientesdetarde.com\/index.php\/policiales\/una-avioneta-cargada-de-cocaina-realizo-un-aterrizaje-de-emergencia-hay-dos-detenidos\/","title":{"rendered":"Una avioneta cargada de coca\u00edna realiz\u00f3 un aterrizaje de emergencia: hay dos detenidos"},"content":{"rendered":"\n<p>Una avioneta cargada de coca\u00edna realiz\u00f3 un aterrizaje de emergencia en la localidad de Ibicuy, provincia de Entre R\u00edos, inform\u00f3 el Ministerio de Seguridad.&nbsp;<\/p>\n\n\n\n<p>La aeronave llevaba en su interior un cargamento de 358 kilos de coca\u00edna.\u00a0<\/p>\n\n\n<div class=\"wp-block-image\">\n<figure class=\"aligncenter size-full\"><img loading=\"lazy\" decoding=\"async\" width=\"272\" height=\"480\" src=\"https:\/\/corrientesdetarde.com\/wp-content\/uploads\/2025\/01\/image-469.png\" alt=\"\" class=\"wp-image-186482\" srcset=\"https:\/\/corrientesdetarde.com\/wp-content\/uploads\/2025\/01\/image-469.png 272w, https:\/\/corrientesdetarde.com\/wp-content\/uploads\/2025\/01\/image-469-170x300.png 170w\" sizes=\"auto, (max-width: 272px) 100vw, 272px\" \/><\/figure>\n<\/div>\n\n\n<p>El operativo, realizado por la Polic\u00eda de Entre R\u00edos con el apoyo de la Gendarmer\u00eda Nacional Argentina (GNA), concluy\u00f3 con la detenci\u00f3n de dos personas: un hombre brasile\u00f1o y una mujer boliviana.<\/p>\n\n\n\n<p>El aterrizaje ocurri\u00f3 en un campo de la zona de islas del Delta del Paran\u00e1 por un fallo mec\u00e1nico de la aeronave y falta de combustible.&nbsp;<\/p>\n\n\n\n<p>Seg\u00fan las primeras investigaciones, la avioneta habr\u00eda recorrido al menos 1500 kil\u00f3metros desde Bolivia sin realizar repostaje.&nbsp;<\/p>\n\n\n\n<p>La pareja que viajaba en el avi\u00f3n intent\u00f3 persuadir al propietario del terreno de no alertar a las autoridades, ofreciendo dinero y solicitando ayuda m\u00e9dica, pero este inform\u00f3 de inmediato a la polic\u00eda.<\/p>\n\n\n\n<p>Durante la inspecci\u00f3n del avi\u00f3n, las fuerzas de seguridad encontraron diez bultos que conten\u00edan un total de 342 paquetes. La prueba de campo Narcotest confirm\u00f3 que se trataba de coca\u00edna de m\u00e1xima pureza, con un peso total de 358 kilos.&nbsp;<br>Tambi\u00e9n se secuestraron tel\u00e9fonos celulares y un equipo de comunicaci\u00f3n satelital, que ser\u00e1n sometidos a pericias para avanzar en la investigaci\u00f3n.<\/p>\n\n\n\n<p>Los detenidos, un ciudadano brasile\u00f1o y una mujer boliviana, fueron trasladados a disposici\u00f3n del Juzgado Federal de Gualeguaych\u00fa, a cargo de la jueza subrogante Anal\u00eda Ramponi.&nbsp;<br>Inicialmente, los sospechosos intentaron justificar su situaci\u00f3n alegando que la mujer estaba embarazada, informaci\u00f3n que result\u00f3 ser falsa.<\/p>\n\n\n\n<p>El operativo cont\u00f3 con la colaboraci\u00f3n del Ministerio de Defensa de la Naci\u00f3n, que brind\u00f3 apoyo a\u00e9reo para asegurar la zona y garantizar el traslado del cargamento. Adem\u00e1s, la Fiscal\u00eda Federal, liderada por Pedro Rebollo, coordina la investigaci\u00f3n junto a la Polic\u00eda de Entre R\u00edos y GNA.<\/p>\n\n\n\n<p>La investigaci\u00f3n contin\u00faa y se espera que las pericias arrojen informaci\u00f3n clave para identificar y desarticular a los responsables detr\u00e1s del cargamento.<\/p>\n\n\n<div class=\"wp-block-image\">\n<figure class=\"aligncenter size-full\"><img loading=\"lazy\" decoding=\"async\" width=\"272\" height=\"480\" src=\"https:\/\/corrientesdetarde.com\/wp-content\/uploads\/2025\/01\/image-468.png\" alt=\"\" class=\"wp-image-186481\" srcset=\"https:\/\/corrientesdetarde.com\/wp-content\/uploads\/2025\/01\/image-468.png 272w, https:\/\/corrientesdetarde.com\/wp-content\/uploads\/2025\/01\/image-468-170x300.png 170w\" sizes=\"auto, (max-width: 272px) 100vw, 272px\" \/><\/figure>\n<\/div>","protected":false},"excerpt":{"rendered":"<p>Una avioneta cargada de coca\u00edna realiz\u00f3 un aterrizaje de emergencia en la localidad de Ibicuy, provincia de Entre R\u00edos, inform\u00f3 el Ministerio de Seguridad.&nbsp; La aeronave llevaba en su interior&hellip; <\/p>\n","protected":false},"author":1,"featured_media":186483,"comment_status":"closed","ping_status":"open","sticky":false,"template":"","format":"standard","meta":{"footnotes":""},"categories":[33],"tags":[],"class_list":["post-186469","post","type-post","status-publish","format-standard","has-post-thumbnail","hentry","category-policiales"],"_links":{"self":[{"href":"https:\/\/corrientesdetarde.com\/index.php\/wp-json\/wp\/v2\/posts\/186469","targetHints":{"allow":["GET"]}}],"collection":[{"href":"https:\/\/corrientesdetarde.com\/index.php\/wp-json\/wp\/v2\/posts"}],"about":[{"href":"https:\/\/corrientesdetarde.com\/index.php\/wp-json\/wp\/v2\/types\/post"}],"author":[{"embeddable":true,"href":"https:\/\/corrientesdetarde.com\/index.php\/wp-json\/wp\/v2\/users\/1"}],"replies":[{"embeddable":true,"href":"https:\/\/corrientesdetarde.com\/index.php\/wp-json\/wp\/v2\/comments?post=186469"}],"version-history":[{"count":1,"href":"https:\/\/corrientesdetarde.com\/index.php\/wp-json\/wp\/v2\/posts\/186469\/revisions"}],"predecessor-version":[{"id":186484,"href":"https:\/\/corrientesdetarde.com\/index.php\/wp-json\/wp\/v2\/posts\/186469\/revisions\/186484"}],"wp:featuredmedia":[{"embeddable":true,"href":"https:\/\/corrientesdetarde.com\/index.php\/wp-json\/wp\/v2\/media\/186483"}],"wp:attachment":[{"href":"https:\/\/corrientesdetarde.com\/index.php\/wp-json\/wp\/v2\/media?parent=186469"}],"wp:term":[{"taxonomy":"category","embeddable":true,"href":"https:\/\/corrientesdetarde.com\/index.php\/wp-json\/wp\/v2\/categories?post=186469"},{"taxonomy":"post_tag","embeddable":true,"href":"https:\/\/corrientesdetarde.com\/index.php\/wp-json\/wp\/v2\/tags?post=186469"}],"curies":[{"name":"wp","href":"https:\/\/api.w.org\/{rel}","templated":true}]}}