{"id":186477,"date":"2025-01-24T10:31:36","date_gmt":"2025-01-24T13:31:36","guid":{"rendered":"https:\/\/corrientesdetarde.com\/?p=186477"},"modified":"2025-01-24T10:31:40","modified_gmt":"2025-01-24T13:31:40","slug":"intento-pasar-por-corrientes-con-una-carga-de-pastillas-de-extasis","status":"publish","type":"post","link":"https:\/\/corrientesdetarde.com\/index.php\/policiales\/intento-pasar-por-corrientes-con-una-carga-de-pastillas-de-extasis\/","title":{"rendered":"intent\u00f3 pasar por Corrientes con una carga de pastillas de \u00e9xtasis"},"content":{"rendered":"\n<p>Gendarmer\u00eda Nacional inform\u00f3 este viernes que&nbsp;detuvo&nbsp;a un hombre que trasladaba una carga de pastillas de \u00e9xtasis en su autom\u00f3vil en cercan\u00edas a la localidad correntina de Santo Tom\u00e9.&nbsp;<\/p>\n\n\n\n<p>El operativo se realiz\u00f3\u00a0en la Ruta Nacional N\u00ba 14, cuando\u00a0los efectivos\u00a0detuvieron a un auto que viajaba desde la ciudad de Posadas hasta la ciudad de Buenos Aires.<\/p>\n\n\n\n<figure class=\"wp-block-image size-large\"><img loading=\"lazy\" decoding=\"async\" width=\"1024\" height=\"576\" src=\"https:\/\/corrientesdetarde.com\/wp-content\/uploads\/2025\/01\/image-473-1024x576.png\" alt=\"\" class=\"wp-image-186488\" srcset=\"https:\/\/corrientesdetarde.com\/wp-content\/uploads\/2025\/01\/image-473-1024x576.png 1024w, https:\/\/corrientesdetarde.com\/wp-content\/uploads\/2025\/01\/image-473-300x169.png 300w, https:\/\/corrientesdetarde.com\/wp-content\/uploads\/2025\/01\/image-473-768x432.png 768w, https:\/\/corrientesdetarde.com\/wp-content\/uploads\/2025\/01\/image-473.png 1200w\" sizes=\"auto, (max-width: 1024px) 100vw, 1024px\" \/><\/figure>\n\n\n\n<p>Tras las primeras averiguaciones se comprob\u00f3 que llevaba bolsas pl\u00e1sticas conteniendo pastillas. Estas estaban ocultas dentro del apoyabrazos ubicado entre los dos asientos delanteros.<\/p>\n\n\n\n<p>Las pruebas qu\u00edmicas en el lugar dieron resultado positivo para \u00e9xtasis. El conductor fue detenido con&nbsp;<strong>695 pastillas de \u00e9xtasis<\/strong>, con valor estimado en<strong>&nbsp;$11.128.687,50.<\/strong><\/p>\n\n\n\n<p>El demorado junto con lo secuestrado fueron puestos a disposici\u00f3n de la Juzgado Federal de Paso de los Libres,\u00a0donde se contin\u00faan los tr\u00e1mites de rigor.<\/p>\n","protected":false},"excerpt":{"rendered":"<p>Gendarmer\u00eda Nacional inform\u00f3 este viernes que&nbsp;detuvo&nbsp;a un hombre que trasladaba una carga de pastillas de \u00e9xtasis en su autom\u00f3vil en cercan\u00edas a la localidad correntina de Santo Tom\u00e9.&nbsp; El operativo&hellip; <\/p>\n","protected":false},"author":1,"featured_media":186487,"comment_status":"closed","ping_status":"open","sticky":false,"template":"","format":"standard","meta":{"footnotes":""},"categories":[33],"tags":[],"class_list":["post-186477","post","type-post","status-publish","format-standard","has-post-thumbnail","hentry","category-policiales"],"_links":{"self":[{"href":"https:\/\/corrientesdetarde.com\/index.php\/wp-json\/wp\/v2\/posts\/186477","targetHints":{"allow":["GET"]}}],"collection":[{"href":"https:\/\/corrientesdetarde.com\/index.php\/wp-json\/wp\/v2\/posts"}],"about":[{"href":"https:\/\/corrientesdetarde.com\/index.php\/wp-json\/wp\/v2\/types\/post"}],"author":[{"embeddable":true,"href":"https:\/\/corrientesdetarde.com\/index.php\/wp-json\/wp\/v2\/users\/1"}],"replies":[{"embeddable":true,"href":"https:\/\/corrientesdetarde.com\/index.php\/wp-json\/wp\/v2\/comments?post=186477"}],"version-history":[{"count":1,"href":"https:\/\/corrientesdetarde.com\/index.php\/wp-json\/wp\/v2\/posts\/186477\/revisions"}],"predecessor-version":[{"id":186489,"href":"https:\/\/corrientesdetarde.com\/index.php\/wp-json\/wp\/v2\/posts\/186477\/revisions\/186489"}],"wp:featuredmedia":[{"embeddable":true,"href":"https:\/\/corrientesdetarde.com\/index.php\/wp-json\/wp\/v2\/media\/186487"}],"wp:attachment":[{"href":"https:\/\/corrientesdetarde.com\/index.php\/wp-json\/wp\/v2\/media?parent=186477"}],"wp:term":[{"taxonomy":"category","embeddable":true,"href":"https:\/\/corrientesdetarde.com\/index.php\/wp-json\/wp\/v2\/categories?post=186477"},{"taxonomy":"post_tag","embeddable":true,"href":"https:\/\/corrientesdetarde.com\/index.php\/wp-json\/wp\/v2\/tags?post=186477"}],"curies":[{"name":"wp","href":"https:\/\/api.w.org\/{rel}","templated":true}]}}