{"id":186492,"date":"2025-01-24T10:41:15","date_gmt":"2025-01-24T13:41:15","guid":{"rendered":"https:\/\/corrientesdetarde.com\/?p=186492"},"modified":"2025-01-24T10:42:04","modified_gmt":"2025-01-24T13:42:04","slug":"cordoba-un-policia-de-la-caminera-fue-arrastrado-6-kilometros-por-el-auto-de-un-conductor-en-fuga","status":"publish","type":"post","link":"https:\/\/corrientesdetarde.com\/index.php\/policiales\/cordoba-un-policia-de-la-caminera-fue-arrastrado-6-kilometros-por-el-auto-de-un-conductor-en-fuga\/","title":{"rendered":"C\u00f3rdoba: un polic\u00eda de la Caminera fue arrastrado 6 kil\u00f3metros por el auto de un conductor en fuga"},"content":{"rendered":"\n<p>Un hecho demencial ocurri\u00f3 este viernes por la madrugada en un control de la Polic\u00eda Caminera sobre la ruta nacional 38, a la altura del kil\u00f3metro 7.<\/p>\n\n\n\n<p>Dos agentes detuvieron a un veh\u00edculo Toyota Corolla en el cual iban el conductor y un acompa\u00f1ante. En ese marco, observaron que llevaban gran cantidad de droga en el interior del rodado por lo cual intentaron detenerlos.<\/p>\n\n\n\n<p>A partir de all\u00ed se produjo una locura total puesto que comenzaron a forcejear tanto los que estaban adentro como el agente que intentaba detenerlos. Lo cierto es que el conductor logra poner en marcha el auto y parte a gran velocidad, con el efectivo que ten\u00eda mitad del cuerpo afuera y la otra mitad adentro.<\/p>\n\n\n\n<p>En la huida, atropellaron a otro polic\u00eda que estaba parado en el puesto de control.<\/p>\n\n\n\n<p>Pero, al que segu\u00eda intentando que pararan lo llevaron a lo largo de seis kil\u00f3metros en esa situaci\u00f3n, y durante todo momento le fueron propinando golpes de pu\u00f1o hasta que lo arrojaron en una zona rural.<\/p>\n\n\n\n<p>Simult\u00e1neamente, se mont\u00f3 un operativo con m\u00f3viles de distintas dependencias, logrando finalmente interceptar al rodado no muy lejos de ese lugar.<\/p>\n\n\n\n<p>All\u00ed se procedi\u00f3 a la detenci\u00f3n de uno de los sujetos y el secuestro de 11 envoltorios con coca\u00edna, 14 envoltorios con tussi , m\u00e1s de 60 comprimidos de \u00e9xtasis y marihuana.<\/p>\n\n\n\n<figure class=\"wp-block-image\"><img decoding=\"async\" src=\"https:\/\/www.lavoz.com.ar\/resizer\/v2\/YZKG2D2DYVHJBMQBQDOWCOQNSA.jpeg?auth=ee354392c3676b6cc8d28bb2740193c7adcbca1a256b83297ebec90de48887b3&amp;width=720&amp;height=1280\" alt=\"Los sujetos que arrastraron al Polic\u00eda de la Caminera por seis kil\u00f3metros ten\u00edan gran cantidad de droga. (Polic\u00eda de C\u00f3rdoba)\"\/><figcaption class=\"wp-element-caption\">Los sujetos que arrastraron al Polic\u00eda de la Caminera por seis kil\u00f3metros ten\u00edan gran cantidad de droga. (Polic\u00eda de C\u00f3rdoba)<\/figcaption><\/figure>\n\n\n\n<figure class=\"wp-block-image\"><img decoding=\"async\" src=\"https:\/\/www.lavoz.com.ar\/resizer\/v2\/XQOTAE6LEJC3HEDNYMQMSWNXRY.jpeg?auth=085364d79fc6a3e62939e588219ab570e83c6de1742c89c064da920434b97b90&amp;width=1200&amp;height=1407\" alt=\"Los sujetos que arrastraron al Polic\u00eda de la Caminera por seis kil\u00f3metros ten\u00edan gran cantidad de droga. (Polic\u00eda de C\u00f3rdoba)\"\/><figcaption class=\"wp-element-caption\">Los sujetos que arrastraron al Polic\u00eda de la Caminera por seis kil\u00f3metros ten\u00edan gran cantidad de droga. (Polic\u00eda de C\u00f3rdoba)<\/figcaption><\/figure>\n\n\n\n<p>Asimismo, los dos polic\u00edas que participaron, fueron trasladados con politraumatismos hacia el Policl\u00ednico Policial y luego derivados a la Cl\u00ednica V\u00e9lez Sarsfield.<\/p>\n\n\n\n<figure class=\"wp-block-image\"><img decoding=\"async\" src=\"https:\/\/www.lavoz.com.ar\/resizer\/v2\/FXEZHLDSB5GHTDE3BV5B2ZDELQ.jpeg?auth=38af6a6b45ee69821d8e328eedae4d4e0130914df76f11e2819c784f396a9879&amp;width=899&amp;height=1599\" alt=\"Los sujetos que arrastraron al Polic\u00eda de la Caminera por seis kil\u00f3metros ten\u00edan gran cantidad de droga. (Polic\u00eda de C\u00f3rdoba)\"\/><figcaption class=\"wp-element-caption\">Los sujetos que arrastraron al Polic\u00eda de la Caminera por seis kil\u00f3metros ten\u00edan gran cantidad de droga. (Polic\u00eda de C\u00f3rdoba)<\/figcaption><\/figure>\n\n\n\n<figure class=\"wp-block-image\"><img decoding=\"async\" src=\"https:\/\/www.lavoz.com.ar\/resizer\/v2\/SHYNCISFGVDZNGJJARSUIUF6GU.jpeg?auth=47079529425ebf0e8c9ef02a75b4be1af467b348e6f1d4e4ad8859343860ac47&amp;width=986&amp;height=1600\" alt=\"Los sujetos que arrastraron al Polic\u00eda de la Caminera por seis kil\u00f3metros ten\u00edan gran cantidad de droga. (Polic\u00eda de C\u00f3rdoba)\"\/><figcaption class=\"wp-element-caption\">Los sujetos que arrastraron al Polic\u00eda de la Caminera por seis kil\u00f3metros ten\u00edan gran cantidad de droga. (Polic\u00eda de C\u00f3rdoba)<\/figcaption><\/figure>\n\n\n\n<p><\/p>\n","protected":false},"excerpt":{"rendered":"<p>Un hecho demencial ocurri\u00f3 este viernes por la madrugada en un control de la Polic\u00eda Caminera sobre la ruta nacional 38, a la altura del kil\u00f3metro 7. Dos agentes detuvieron&hellip; <\/p>\n","protected":false},"author":1,"featured_media":186493,"comment_status":"closed","ping_status":"open","sticky":false,"template":"","format":"standard","meta":{"footnotes":""},"categories":[33],"tags":[],"class_list":["post-186492","post","type-post","status-publish","format-standard","has-post-thumbnail","hentry","category-policiales"],"_links":{"self":[{"href":"https:\/\/corrientesdetarde.com\/index.php\/wp-json\/wp\/v2\/posts\/186492","targetHints":{"allow":["GET"]}}],"collection":[{"href":"https:\/\/corrientesdetarde.com\/index.php\/wp-json\/wp\/v2\/posts"}],"about":[{"href":"https:\/\/corrientesdetarde.com\/index.php\/wp-json\/wp\/v2\/types\/post"}],"author":[{"embeddable":true,"href":"https:\/\/corrientesdetarde.com\/index.php\/wp-json\/wp\/v2\/users\/1"}],"replies":[{"embeddable":true,"href":"https:\/\/corrientesdetarde.com\/index.php\/wp-json\/wp\/v2\/comments?post=186492"}],"version-history":[{"count":2,"href":"https:\/\/corrientesdetarde.com\/index.php\/wp-json\/wp\/v2\/posts\/186492\/revisions"}],"predecessor-version":[{"id":186495,"href":"https:\/\/corrientesdetarde.com\/index.php\/wp-json\/wp\/v2\/posts\/186492\/revisions\/186495"}],"wp:featuredmedia":[{"embeddable":true,"href":"https:\/\/corrientesdetarde.com\/index.php\/wp-json\/wp\/v2\/media\/186493"}],"wp:attachment":[{"href":"https:\/\/corrientesdetarde.com\/index.php\/wp-json\/wp\/v2\/media?parent=186492"}],"wp:term":[{"taxonomy":"category","embeddable":true,"href":"https:\/\/corrientesdetarde.com\/index.php\/wp-json\/wp\/v2\/categories?post=186492"},{"taxonomy":"post_tag","embeddable":true,"href":"https:\/\/corrientesdetarde.com\/index.php\/wp-json\/wp\/v2\/tags?post=186492"}],"curies":[{"name":"wp","href":"https:\/\/api.w.org\/{rel}","templated":true}]}}