{"id":186502,"date":"2025-01-24T11:43:28","date_gmt":"2025-01-24T14:43:28","guid":{"rendered":"https:\/\/corrientesdetarde.com\/?p=186502"},"modified":"2025-01-24T11:43:32","modified_gmt":"2025-01-24T14:43:32","slug":"marta-minujin-cubre-buenos-aires-con-su-arte","status":"publish","type":"post","link":"https:\/\/corrientesdetarde.com\/index.php\/cultura\/marta-minujin-cubre-buenos-aires-con-su-arte\/","title":{"rendered":"MARTA MINUJIN CUBRE BUENOS AIRES CON SU ARTE"},"content":{"rendered":"\n<p>(Por Bel\u00e9n Papa Orfano para CDT)- Este fin de semana la agenda cultura porte\u00f1a llega cargada de historia, la posibilidad de conocer el mundo de Marta Minuj\u00edn de primera mano y una invitaci\u00f3n para los m\u00e1s chiquititos de la familia a conocer la Usina del Arte.<\/p>\n\n\n\n<p>ARTE<br>La exhibici\u00f3n temporal Mariquita S\u00e1nchez: en primera persona contin\u00faa en el Museo Saavedra. Mariquita fue figura central en la historia argentina del siglo XIX, y s\u00edmbolo de la sociedad porte\u00f1a de su tiempo cuya influencia trascendi\u00f3 las fronteras de lo convencional.<br>En el transcurso de su larga vida, Mariquita escribi\u00f3 cartas que funcionan como un testimonio de su aguda visi\u00f3n pol\u00edtica, sus relaciones con importantes personajes de la \u00e9lite pol\u00edtica y cultural, su mirada sobre el exilio y sus opiniones, muchas veces irreverentes, sobre las costumbres sociales y el rol femenino en su \u00e9poca.<br>Museo Hist\u00f3rico Cornelio Saavedra &#8211; Cris\u00f3logo Larralde 6309<br>CINE<br>Construcci\u00f3n de un mundo si titula el documental que indaga en la vida y obra de la artista pl\u00e1stica Marta Minujin, \u00edcono del arte argentino.<br>A trav\u00e9s de sus exposiciones en Nueva York, Cal\u00ed y Par\u00eds, y de su propio testimonio, y el de colegas y familiares, el documental pone el acento en su universo inclasificable y revela detalles desconocidos de su historia.<br>El documental se proyectar\u00e1 durante enero en el el auditorio del Malba. Las entradas se pueden reservar en la web del museo o por boleter\u00eda.<br>Malba &#8211; Av. Pres. Figueroa Alcorta 3415<br>M\u00daSICA<br>El s\u00e1bado 25 de enero, de 18.30 a 20.30 horas, llega un evento obligatorio para los fan\u00e1ticos del rap y el freestyle. Los m\u00e1ximos exponentes de esta disciplina demostrar\u00e1n su talento en las Batallas de Leyendas. Este evento tendr\u00e1 lugar en la Usina del Arte, con reserva de entradas previa en www.formulariosgcba.gob.ar.<br>Usina del Arte &#8211; Agust\u00edn R. Caffarena 1<br>PARA LOS M\u00c1S CHICOS<br>iUpiiiii es el espacio cultural para la primera infancia en la Usina del Arte, un lugar desarrollado por profesionales especializados en esta etapa infantil, que potencia y estimula la sensorialidad, la curiosidad, la sorpresa y el juego.<br>Est\u00e1 dirigido a ni\u00f1os y ni\u00f1as de 0-3 a\u00f1os, presenta un universo seguro, con texturas y colores para disfrutar de las diferentes estaciones l\u00fadicas.<br>Se podr\u00e1 acceder al espacio a trav\u00e9s de previa inscripci\u00f3n en turnos de 40 minutos a las 18, 19 y 20 horas, durante varios d\u00edas a la semana. Para reservar turno y m\u00e1s informaci\u00f3n se puede visitar la web www.festivalesba.org.<br>Usina del Arte &#8211; Agust\u00edn R. Caffarena 1<\/p>\n","protected":false},"excerpt":{"rendered":"<p>(Por Bel\u00e9n Papa Orfano para CDT)- Este fin de semana la agenda cultura porte\u00f1a llega cargada de historia, la posibilidad de conocer el mundo de Marta Minuj\u00edn de primera mano&hellip; <\/p>\n","protected":false},"author":11,"featured_media":186503,"comment_status":"closed","ping_status":"open","sticky":false,"template":"","format":"standard","meta":{"footnotes":""},"categories":[15],"tags":[],"class_list":["post-186502","post","type-post","status-publish","format-standard","has-post-thumbnail","hentry","category-cultura"],"_links":{"self":[{"href":"https:\/\/corrientesdetarde.com\/index.php\/wp-json\/wp\/v2\/posts\/186502","targetHints":{"allow":["GET"]}}],"collection":[{"href":"https:\/\/corrientesdetarde.com\/index.php\/wp-json\/wp\/v2\/posts"}],"about":[{"href":"https:\/\/corrientesdetarde.com\/index.php\/wp-json\/wp\/v2\/types\/post"}],"author":[{"embeddable":true,"href":"https:\/\/corrientesdetarde.com\/index.php\/wp-json\/wp\/v2\/users\/11"}],"replies":[{"embeddable":true,"href":"https:\/\/corrientesdetarde.com\/index.php\/wp-json\/wp\/v2\/comments?post=186502"}],"version-history":[{"count":1,"href":"https:\/\/corrientesdetarde.com\/index.php\/wp-json\/wp\/v2\/posts\/186502\/revisions"}],"predecessor-version":[{"id":186504,"href":"https:\/\/corrientesdetarde.com\/index.php\/wp-json\/wp\/v2\/posts\/186502\/revisions\/186504"}],"wp:featuredmedia":[{"embeddable":true,"href":"https:\/\/corrientesdetarde.com\/index.php\/wp-json\/wp\/v2\/media\/186503"}],"wp:attachment":[{"href":"https:\/\/corrientesdetarde.com\/index.php\/wp-json\/wp\/v2\/media?parent=186502"}],"wp:term":[{"taxonomy":"category","embeddable":true,"href":"https:\/\/corrientesdetarde.com\/index.php\/wp-json\/wp\/v2\/categories?post=186502"},{"taxonomy":"post_tag","embeddable":true,"href":"https:\/\/corrientesdetarde.com\/index.php\/wp-json\/wp\/v2\/tags?post=186502"}],"curies":[{"name":"wp","href":"https:\/\/api.w.org\/{rel}","templated":true}]}}