{"id":186511,"date":"2025-01-24T13:22:44","date_gmt":"2025-01-24T16:22:44","guid":{"rendered":"https:\/\/corrientesdetarde.com\/?p=186511"},"modified":"2025-01-24T13:22:48","modified_gmt":"2025-01-24T16:22:48","slug":"victoria-villarruel-pierde-funcionarias-clave-en-medio-de-la-tension-con-la-casa-rosada","status":"publish","type":"post","link":"https:\/\/corrientesdetarde.com\/index.php\/politica\/victoria-villarruel-pierde-funcionarias-clave-en-medio-de-la-tension-con-la-casa-rosada\/","title":{"rendered":"Victoria Villarruel pierde funcionarias clave en medio de la tensi\u00f3n con la Casa Rosada"},"content":{"rendered":"\n<p>Distanciada de Milei, la vicepresidenta se mueve para mantener el control de la C\u00e1mara Alta. El 24 de febrero tendr\u00e1 lugar la sesi\u00f3n preparatoria en la que se definir\u00e1n las nuevas autoridades.<a href=\"https:\/\/tn.com.ar\/autor\/Ffraquelli\/\"><\/a><\/p>\n\n\n\n<p>Mediante un posteo en sus redes sociales, la secretaria de Derechos Humanos del Senado,&nbsp;<strong>Claudia Rucci<\/strong>&nbsp;se\u00f1al\u00f3 que present\u00f3 la renuncia a su cargo. \u201cPresent\u00e9 la renuncia por motivos personales al cargo de directora general del Observatorio de Derechos Humanos del Senado de la Naci\u00f3n. Mi agradecimiento a todos con los que compartimos el esfuerzo en pos de que los derechos humanos sean de todos y para todos. \u00a1Muchas Gracias!\u201d.<\/p>\n\n\n\n<p>Claudia Rucci, exdiputada nacional y militante del peronismo no kirchnerista, hija del legendario l\u00edder de la CGT, Jos\u00e9 Ignacio, asesinado por la agrupaci\u00f3n Montoneros el 25 de septiembre de 1973, fue designada por la vicepresidenta&nbsp;<strong>Victoria Villarruel<\/strong>&nbsp;al inicio de su gesti\u00f3n. El \u00faltimo acto que compartieron juntas fue la inauguraci\u00f3n del busto de la expresidenta Mar\u00eda Estela Mart\u00ednez de Per\u00f3n en el sal\u00f3n de las Provincias de la C\u00e1mara Alta, como \u201cacto de reparaci\u00f3n hist\u00f3rica\u201d hacia Isabel Per\u00f3n, que adem\u00e1s fue exvicepresidenta de la Naci\u00f3n.<\/p>\n\n\n\n<p>Desde las oficinas de la presidencia del Senado se\u00f1alaron que \u201cla renuncia es estrictamente personal y se ven\u00eda conversando. La relaci\u00f3n entre Victoria Villarruel y Claudia Rucci es muy buena\u201d, le afirmaron . Tambi\u00e9n reconocieron que\u00a0<strong>la vicepresidenta est\u00e1 reordenando el equipo del Senado para estar m\u00e1s sincronizada con el Ejecutivo<\/strong>.<\/p>\n\n\n\n<p>A la salida de Claudia Rucci&nbsp;<strong>podr\u00eda sumarse la de la secretaria Administrativa, Mar\u00eda Laura Izzo<\/strong>, un cargo que es votado por los senadores nacionales y que se pondr\u00e1 en consideraci\u00f3n en la sesi\u00f3n preparatoria del pr\u00f3ximo 24 de febrero. Izzo que acompa\u00f1\u00f3 durante todo el 2024 a la vicepresidenta, lleg\u00f3 a propuesta de sectores pol\u00edticos vinculados al Pro y habr\u00eda anticipado su decisi\u00f3n de alejarse del cargo.<\/p>\n\n\n\n<figure class=\"wp-block-image\"><img decoding=\"async\" src=\"https:\/\/tn.com.ar\/resizer\/v2\/foto-apgustavo-garello-archivo-NS4LLDFHQNDL7CHVVDDLWAD5CI.jpg?auth=24e5fafa251425e475ab56010139099c311767140852da15f2ed8484fcda11f7&amp;width=767\" alt=\"(Foto: AP\/Gustavo Garello, Archivo)\"\/><\/figure>\n\n\n\n<p>Ante esta posibilidad, en los primeros d\u00edas de enero de este a\u00f1o,\u00a0<strong>Victoria Villarruel firm\u00f3 un decreto interno por el cual la presidencia del Cuerpo recuper\u00f3 facultades<\/strong>\u00a0que, en otras administraciones, la de las exvicepresidentas Gabriela Michetti y Cristina Kirchner, hab\u00edan delegado en la secretaria Administrativa. Entre otras, para nombrar, remover, recategorizar, asignar funciones, aceptar renuncias y definir la baja de los empleados. Como as\u00ed tambi\u00e9n la injerencia en el presupuesto de la C\u00e1mara alta, las dietas de los legisladores y las licitaciones internas. La salida de Izzo har\u00e1 que Villarruel busque imponer a un candidato propio para el manejo administrativo, pero en el medio est\u00e1n las tensiones con la Casa Rosada y con el bloque de Uni\u00f3n por la Patria (UxP) de Jos\u00e9 Mayans que, en la \u00faltima sesi\u00f3n preparatoria, fue desplazado de todos los cargos pol\u00edticos del Senado nacional, a pesar de ser la minor\u00eda m\u00e1s importante en el Cuerpo, que, con\u00a0la jura de la senadora Stefan\u00eda Cora, en reemplazo del expulsado Edgardo Kueider, pasar\u00e1 a tener 34 senadores nacionales propios.<\/p>\n\n\n\n<h2 class=\"wp-block-heading\">La pulseada por la presidencia provisional<\/h2>\n\n\n\n<p>La presidencia provisional del Senado es un cargo votado por los senadores nacionales, actualmente al frente est\u00e1 el libertario&nbsp;<strong>Bartolom\u00e9 Abdala<\/strong>, que aspira a seguir en el puesto. Su nominaci\u00f3n fue avalada por los diferentes sectores ya que en su condici\u00f3n de senador del bloque oficialista de La Libertad Avanza, fue suficiente para encontrar el respaldo y seguir la tradici\u00f3n pol\u00edtica del Cuerpo respecto a que ese cargo le corresponde al oficialismo de turno.<\/p>\n\n\n\n<p><strong>Es un cargo que est\u00e1 en la l\u00ednea de sucesi\u00f3n presidencial tras la vicepresidencia.<\/strong>&nbsp;Aunque hubo excepciones en la historia parlamentaria, en el 2001 el peronismo tras su victoria electoral de las elecciones de medio t\u00e9rmino durante la presidencia de Fernando de la R\u00faa, impuso al misionero Ram\u00f3n Puerta en la presidencia provisional del Senado. Puerta qued\u00f3 como virtual vicepresidente ante la renuncia que hizo en el 2000 Carlos Chacho \u00c1lvarez, en el Gobierno de la Alianza.<\/p>\n\n\n\n<p>Pero a pesar de las intenciones de Abdala de mantener el cargo en el Senado,<strong>&nbsp;las ideas de un sector de la Casa Rosada es ubicar en ese lugar al senador Luis Juez<\/strong>, recientemente alejado de la presidencia del bloque Pro y que busca ser el candidato a gobernador de C\u00f3rdoba del presidente Javier Milei. De concretarse,&nbsp;<strong>su llegada a la presidencia provisional ser\u00eda un mayor control sobre la vicepresidenta en el Senado.<\/strong><\/p>\n\n\n\n<p>Bartolom\u00e9 Abdala fue un factor fundamental para sancionar los pocos proyectos que logr\u00f3 el presidente Javier Milei: la ley Bases, las Medidas Fiscales y Boleta \u00danica de papel, pero alcanz\u00f3 su lugar con el respaldo de Victoria Villarruel en desmedro del senador Francisco Paoltroni. Hoy m\u00e1s cercano a la vicepresidenta desde su monobloque \u201cLibertad, Trabajo y Progreso\u201d, tras ser\u00a0expulsado de las filas de La Libertad Avanza por oponerse fervientemente a la designaci\u00f3n del juez Ariel Lijo\u00a0en la Corte Suprema de Justicia y enfrentarse al asesor presidencial Santiago Caputo.<\/p>\n\n\n\n<p>La ventaja de Abdala es que es un senador puro de La Libertad Avanza, y podr\u00eda lograr el aval del bloque de UxP. Luis Juez, al ser del Pro, no estar\u00eda en esas condiciones. Por el escaso n\u00famero que tienen los legisladores libertarios, solo seis senadores, no pueden imponer un candidato, tendr\u00e1n que consensuarlo con el resto de las fuerzas.<\/p>\n\n\n\n<p>Adem\u00e1s,<strong>&nbsp;la relaci\u00f3n de Luis Juez con la vicepresidencia se desgast\u00f3 con la discusi\u00f3n de las dietas de los senadores<\/strong>, un tema que hasta fines de marzo congel\u00f3 la vicepresidenta con una resoluci\u00f3n interna.<\/p>\n\n\n\n<p>Mientras tanto Villarruel permanece en sus oficinas del Senado, buscando un reemplazo a Rucci y a su secretaria Administrativa, ante la posible salida. La tensi\u00f3n con la Casa Rosada contin\u00faa pese al\u00a0gesto del jefe de Gabinete, Guillermo Francos, de invitarla a las reuniones de estrategia parlamentaria\u00a0el pasado mi\u00e9rcoles.<\/p>\n\n\n\n<p><\/p>\n","protected":false},"excerpt":{"rendered":"<p>Distanciada de Milei, la vicepresidenta se mueve para mantener el control de la C\u00e1mara Alta. El 24 de febrero tendr\u00e1 lugar la sesi\u00f3n preparatoria en la que se definir\u00e1n las&hellip; <\/p>\n","protected":false},"author":8,"featured_media":186512,"comment_status":"closed","ping_status":"open","sticky":false,"template":"","format":"standard","meta":{"footnotes":""},"categories":[3],"tags":[],"class_list":["post-186511","post","type-post","status-publish","format-standard","has-post-thumbnail","hentry","category-politica"],"_links":{"self":[{"href":"https:\/\/corrientesdetarde.com\/index.php\/wp-json\/wp\/v2\/posts\/186511","targetHints":{"allow":["GET"]}}],"collection":[{"href":"https:\/\/corrientesdetarde.com\/index.php\/wp-json\/wp\/v2\/posts"}],"about":[{"href":"https:\/\/corrientesdetarde.com\/index.php\/wp-json\/wp\/v2\/types\/post"}],"author":[{"embeddable":true,"href":"https:\/\/corrientesdetarde.com\/index.php\/wp-json\/wp\/v2\/users\/8"}],"replies":[{"embeddable":true,"href":"https:\/\/corrientesdetarde.com\/index.php\/wp-json\/wp\/v2\/comments?post=186511"}],"version-history":[{"count":1,"href":"https:\/\/corrientesdetarde.com\/index.php\/wp-json\/wp\/v2\/posts\/186511\/revisions"}],"predecessor-version":[{"id":186513,"href":"https:\/\/corrientesdetarde.com\/index.php\/wp-json\/wp\/v2\/posts\/186511\/revisions\/186513"}],"wp:featuredmedia":[{"embeddable":true,"href":"https:\/\/corrientesdetarde.com\/index.php\/wp-json\/wp\/v2\/media\/186512"}],"wp:attachment":[{"href":"https:\/\/corrientesdetarde.com\/index.php\/wp-json\/wp\/v2\/media?parent=186511"}],"wp:term":[{"taxonomy":"category","embeddable":true,"href":"https:\/\/corrientesdetarde.com\/index.php\/wp-json\/wp\/v2\/categories?post=186511"},{"taxonomy":"post_tag","embeddable":true,"href":"https:\/\/corrientesdetarde.com\/index.php\/wp-json\/wp\/v2\/tags?post=186511"}],"curies":[{"name":"wp","href":"https:\/\/api.w.org\/{rel}","templated":true}]}}