{"id":186750,"date":"2025-01-25T20:08:30","date_gmt":"2025-01-25T23:08:30","guid":{"rendered":"https:\/\/corrientesdetarde.com\/?p=186750"},"modified":"2025-01-25T20:08:35","modified_gmt":"2025-01-25T23:08:35","slug":"milei-aseguro-que-el-cepo-cambiario-es-un-mamarracho-que-se-termina-este-ano-de-una-vez-por-todas","status":"publish","type":"post","link":"https:\/\/corrientesdetarde.com\/index.php\/economia\/milei-aseguro-que-el-cepo-cambiario-es-un-mamarracho-que-se-termina-este-ano-de-una-vez-por-todas\/","title":{"rendered":"Milei asegur\u00f3 que el cepo cambiario es un &#8220;mamarracho que se termina este a\u00f1o de una vez por todas&#8221;"},"content":{"rendered":"\n<h2 class=\"wp-block-heading\">El presidente volvi\u00f3 a ratificar ante la comunidad internacional que eliminar\u00e1 las restricciones cambiarias pendientes.<\/h2>\n\n\n\n<p>El presidente Javier Milei ratific\u00f3 que el cepo cambiario se terminar\u00e1&nbsp;<strong>&#8220;este a\u00f1o de una vez por todas&#8221;<\/strong>&nbsp;en la Argentina.<\/p>\n\n\n\n<p>Lo asegur\u00f3 durante su \u00faltimo discurso en Suiza, minutos antes de emprender el regreso al pa\u00eds.&nbsp;<\/p>\n\n\n\n<p>Milei recibi\u00f3 el premio&nbsp;<strong>R\u00f6pke del Liberal Institute<\/strong>&nbsp;el viernes, pero el contenido de la intervenci\u00f3n del jefe del Estado se conoci\u00f3 este s\u00e1bado.<\/p>\n\n\n\n<p>Destac\u00f3 que&nbsp;<strong>\u201cla convergencia del tipo de cambio paralelo con el tipo de cambio oficial, que estamos viendo desde hace meses, nos acerca cada d\u00eda un poco m\u00e1s a la salida definitiva del cepo cambiario, un mamarracho que nunca deber\u00eda haber existido y que este a\u00f1o se termina de una vez por todas\u201d.<\/strong><\/p>\n\n\n\n<p>&#8220;Lo repito: un mamarracho que nunca deber\u00eda haber existido y que este a\u00f1o se termina de una vez por todas&#8221;, insisti\u00f3 Milei.<\/p>\n\n\n\n<p>Adem\u00e1s de aguardar por el final de las negociaciones con el Fondo, el Presidente se\u00f1al\u00f3 que trabajan&nbsp;<strong>&#8220;en diferentes alternativas para darle una soluci\u00f3n definitiva a los problemas de los stocks del Banco Central&#8221;.<\/strong><\/p>\n\n\n\n<p>El jefe de Estado consider\u00f3 que han sido<strong>&nbsp;&#8220;muy positivas las reuniones con el FMI<\/strong>&nbsp;que hemos tenido en Washington. En paralelo, para poder cerrar el Banco Central, tal como hemos prometido, y acabar de una vez y para siempre con la inflaci\u00f3n en nuestro pa\u00eds, estamos avanzando&#8221;.<\/p>\n\n\n\n<p>Una misi\u00f3n del FMI negocia con representantes del gobierno argentino el tramo final de un nuevo acuerdo que podr\u00eda habilitar un cr\u00e9dito por unos&nbsp;<strong>US$ 11.000 millones.<\/strong><\/p>\n","protected":false},"excerpt":{"rendered":"<p>El presidente volvi\u00f3 a ratificar ante la comunidad internacional que eliminar\u00e1 las restricciones cambiarias pendientes. El presidente Javier Milei ratific\u00f3 que el cepo cambiario se terminar\u00e1&nbsp;&#8220;este a\u00f1o de una vez&hellip; <\/p>\n","protected":false},"author":4,"featured_media":186751,"comment_status":"closed","ping_status":"open","sticky":false,"template":"","format":"standard","meta":{"footnotes":""},"categories":[20],"tags":[],"class_list":["post-186750","post","type-post","status-publish","format-standard","has-post-thumbnail","hentry","category-economia"],"_links":{"self":[{"href":"https:\/\/corrientesdetarde.com\/index.php\/wp-json\/wp\/v2\/posts\/186750","targetHints":{"allow":["GET"]}}],"collection":[{"href":"https:\/\/corrientesdetarde.com\/index.php\/wp-json\/wp\/v2\/posts"}],"about":[{"href":"https:\/\/corrientesdetarde.com\/index.php\/wp-json\/wp\/v2\/types\/post"}],"author":[{"embeddable":true,"href":"https:\/\/corrientesdetarde.com\/index.php\/wp-json\/wp\/v2\/users\/4"}],"replies":[{"embeddable":true,"href":"https:\/\/corrientesdetarde.com\/index.php\/wp-json\/wp\/v2\/comments?post=186750"}],"version-history":[{"count":1,"href":"https:\/\/corrientesdetarde.com\/index.php\/wp-json\/wp\/v2\/posts\/186750\/revisions"}],"predecessor-version":[{"id":186752,"href":"https:\/\/corrientesdetarde.com\/index.php\/wp-json\/wp\/v2\/posts\/186750\/revisions\/186752"}],"wp:featuredmedia":[{"embeddable":true,"href":"https:\/\/corrientesdetarde.com\/index.php\/wp-json\/wp\/v2\/media\/186751"}],"wp:attachment":[{"href":"https:\/\/corrientesdetarde.com\/index.php\/wp-json\/wp\/v2\/media?parent=186750"}],"wp:term":[{"taxonomy":"category","embeddable":true,"href":"https:\/\/corrientesdetarde.com\/index.php\/wp-json\/wp\/v2\/categories?post=186750"},{"taxonomy":"post_tag","embeddable":true,"href":"https:\/\/corrientesdetarde.com\/index.php\/wp-json\/wp\/v2\/tags?post=186750"}],"curies":[{"name":"wp","href":"https:\/\/api.w.org\/{rel}","templated":true}]}}