{"id":186753,"date":"2025-01-25T20:10:55","date_gmt":"2025-01-25T23:10:55","guid":{"rendered":"https:\/\/corrientesdetarde.com\/?p=186753"},"modified":"2025-01-25T20:11:00","modified_gmt":"2025-01-25T23:11:00","slug":"la-nueva-administracion-de-donald-trump-inicio-con-despidos-a-organismos-de-control-gubernamentales","status":"publish","type":"post","link":"https:\/\/corrientesdetarde.com\/index.php\/internacionales\/la-nueva-administracion-de-donald-trump-inicio-con-despidos-a-organismos-de-control-gubernamentales\/","title":{"rendered":"La nueva administraci\u00f3n de Donald Trump inici\u00f3 con despidos a organismos de control gubernamentales"},"content":{"rendered":"\n<h2 class=\"wp-block-heading\">La medida es altamente criticada porque atenta contra la rendici\u00f3n de cuentas y la trasparencia del Estado.<\/h2>\n\n\n\n<p>La nueva administraci\u00f3n Trump inici\u00f3 con despidos en organismos de control federales, una medida posiblemente ilegal que podr\u00eda enfrentar impugnaciones judiciales.<\/p>\n\n\n\n<p>Este s\u00e1bado habl\u00f3 desde el Senado, el l\u00edder que representa a la minor\u00eda, Chuck Schumer y describi\u00f3 a los despidos como una &#8220;purga escalofriante&#8221;.<\/p>\n\n\n\n<p>&#8220;Estos despidos son la manera que tiene Donald Trump de decirnos que le aterroriza la rendici\u00f3n de cuentas y que es hostil a los hechos y a la transparencia&#8221;, dijo Schumer, un dem\u00f3crata de Nueva York.<\/p>\n\n\n\n<p>Adem\u00e1s, agreg\u00f3 que esta medida era un \u201canticipo del enfoque ilegal\u201d que tendr\u00e1 la nueva gesti\u00f3n de Donald Trump.<\/p>\n\n\n\n<p>Seg\u00fan inform\u00f3 CBS News, los inspectores generales afectados recibieron un correo electr\u00f3nico proveniente del director del personal presidencial durante la noche del viernes. Aseguraron que \u201cdebido al cambio de prioridades\u201d, sus puestos como inspectores generales quedaban terminados. con efecto inmediato,<\/p>\n\n\n\n<p>Estos despidos masivos alcanzaron al inspector general del Departamento de Salud y Servicios Humanos y al inspector general de la Administraci\u00f3n de Peque\u00f1as Empresas.<\/p>\n\n\n\n<p>Por otra parte, el New York Times asegur\u00f3 que circulaban listas de despidos de organismos de control. Estas listas podr\u00edan contener m\u00e1s departamentos afectados, como agricultura, comercio, defensa, educaci\u00f3n, vivienda y desarrollo urbano, interior, trabajo, transporte, asuntos de veteranos y tambi\u00e9n la Agencia de Protecci\u00f3n Ambiental.&nbsp;<\/p>\n\n\n\n<p>El Congreso cre\u00f3 los inspectores generales a ra\u00edz del esc\u00e1ndalo de Watergate, como parte de una ola de reformas destinadas a frenar la corrupci\u00f3n, el mal uso de fondos y el fraude.<\/p>\n\n\n\n<p>Los organismos de control independientes, tienen la particularidad de que trabajan dentro de las agencias federales pero no est\u00e1n controlados por el director de esas agencias. Tienen como objetivo servir de protecci\u00f3n contra la mala gesti\u00f3n y el abuso de poder, son designados por el presidente, pero se espera que sean imparciales.<\/p>\n\n\n\n<p>Los despidos podr\u00edan violar una ley que requiere que la Casa Blanca notifique al Congreso con 30 d\u00edas de anticipaci\u00f3n e informaci\u00f3n espec\u00edfica del caso antes de despedir a un inspector general federal.<\/p>\n\n\n\n<p>Hannibal Ware, el inspector general de la Administraci\u00f3n de Peque\u00f1as Empresas y jefe de un consejo de vigilancia que abarca varias agencias, envi\u00f3 una carta a Sergio Gor, el jefe de la Oficina de Personal Presidencial de la Casa Blanca, en donde describ\u00eda que los despidos eran inv\u00e1lidos.<\/p>\n\n\n\n<p>&#8220;Le recomiendo que se comunique con la Casa Blanca sobre el curso de acci\u00f3n que tiene previsto seguir&#8221;, escribi\u00f3 Ware. &#8220;En este momento, no creemos que las medidas adoptadas sean legalmente suficientes para destituir a los inspectores generales nombrados por el presidente y confirmados por el Senado&#8221;.<\/p>\n\n\n\n<p>Finalmente, algunos legisladores republicanos calificaron la medida como \u201cgolpe de estado \u201d y adem\u00e1s que atentaban con la transparencia y la rendici\u00f3n de cuentas.&nbsp;<\/p>\n","protected":false},"excerpt":{"rendered":"<p>La medida es altamente criticada porque atenta contra la rendici\u00f3n de cuentas y la trasparencia del Estado. La nueva administraci\u00f3n Trump inici\u00f3 con despidos en organismos de control federales, una&hellip; <\/p>\n","protected":false},"author":4,"featured_media":186754,"comment_status":"closed","ping_status":"open","sticky":false,"template":"","format":"standard","meta":{"footnotes":""},"categories":[11],"tags":[],"class_list":["post-186753","post","type-post","status-publish","format-standard","has-post-thumbnail","hentry","category-internacionales"],"_links":{"self":[{"href":"https:\/\/corrientesdetarde.com\/index.php\/wp-json\/wp\/v2\/posts\/186753","targetHints":{"allow":["GET"]}}],"collection":[{"href":"https:\/\/corrientesdetarde.com\/index.php\/wp-json\/wp\/v2\/posts"}],"about":[{"href":"https:\/\/corrientesdetarde.com\/index.php\/wp-json\/wp\/v2\/types\/post"}],"author":[{"embeddable":true,"href":"https:\/\/corrientesdetarde.com\/index.php\/wp-json\/wp\/v2\/users\/4"}],"replies":[{"embeddable":true,"href":"https:\/\/corrientesdetarde.com\/index.php\/wp-json\/wp\/v2\/comments?post=186753"}],"version-history":[{"count":2,"href":"https:\/\/corrientesdetarde.com\/index.php\/wp-json\/wp\/v2\/posts\/186753\/revisions"}],"predecessor-version":[{"id":186756,"href":"https:\/\/corrientesdetarde.com\/index.php\/wp-json\/wp\/v2\/posts\/186753\/revisions\/186756"}],"wp:featuredmedia":[{"embeddable":true,"href":"https:\/\/corrientesdetarde.com\/index.php\/wp-json\/wp\/v2\/media\/186754"}],"wp:attachment":[{"href":"https:\/\/corrientesdetarde.com\/index.php\/wp-json\/wp\/v2\/media?parent=186753"}],"wp:term":[{"taxonomy":"category","embeddable":true,"href":"https:\/\/corrientesdetarde.com\/index.php\/wp-json\/wp\/v2\/categories?post=186753"},{"taxonomy":"post_tag","embeddable":true,"href":"https:\/\/corrientesdetarde.com\/index.php\/wp-json\/wp\/v2\/tags?post=186753"}],"curies":[{"name":"wp","href":"https:\/\/api.w.org\/{rel}","templated":true}]}}