{"id":186758,"date":"2025-01-26T08:51:37","date_gmt":"2025-01-26T11:51:37","guid":{"rendered":"https:\/\/corrientesdetarde.com\/?p=186758"},"modified":"2025-01-26T08:51:41","modified_gmt":"2025-01-26T11:51:41","slug":"choco-a-dos-motociclistas-y-huyouna-victima-murio-en-el-hospital","status":"publish","type":"post","link":"https:\/\/corrientesdetarde.com\/index.php\/policiales\/choco-a-dos-motociclistas-y-huyouna-victima-murio-en-el-hospital\/","title":{"rendered":"Choc\u00f3 a dos motociclistas y huy\u00f3:una v\u00edctima muri\u00f3 en el hospital"},"content":{"rendered":"\n<p><\/p>\n\n\n\n<p><\/p>\n\n\n\n<p>Dos motociclistas fueron atropellados por un autom\u00f3vil que circulaba, a alta velocidad, en el centro de la ciudad correntina de Bella Vista. Poco despu\u00e9s una de las v\u00edctimas muri\u00f3 en el hospital, mientras su acompa\u00f1ante permanec\u00eda bajo cuidados intensivos.<\/p>\n\n\n\n<p>Miguel Roberto Leiva falleci\u00f3 como consecuencia de m\u00faltiples heridas sufridas cuando la motocicleta Honda Wave en la que transitaba fue colisionada en la intersecci\u00f3n de La Rioja y Santiago del Estero.<\/p>\n\n\n\n<p>A las 2:30, Leiva transitaba junto a Enzo Ariel Ibarra. Ambos fueron lanzados por el aire hasta caer sobre el pavimento, abandonados a su suerte.<\/p>\n\n\n\n<p>El conductor del auto que los atropell\u00f3 no detuvo la marcha. A igual velocidad que los impact\u00f3 continu\u00f3 alej\u00e1ndose, seg\u00fan muestran las im\u00e1genes de c\u00e1maras de seguridad de una vivienda cercana.<\/p>\n\n\n\n<p>Polic\u00edas de la comisar\u00eda Primera iniciaron la investigaci\u00f3n correspondiente. A las pocas horas, identificaron a un joven como el presunto conductor del veh\u00edculo.<\/p>\n\n\n\n<p>La causa con intervenci\u00f3n judicial comenz\u00f3 como lesiones graves en accidente de tr\u00e1nsito y despu\u00e9s pas\u00f3 a un supuesto homicidio culposo.<\/p>\n\n\n<div class=\"wp-block-image\">\n<figure class=\"aligncenter size-full\"><img loading=\"lazy\" decoding=\"async\" width=\"380\" height=\"319\" src=\"https:\/\/corrientesdetarde.com\/wp-content\/uploads\/2025\/01\/image-505.png\" alt=\"\" class=\"wp-image-186761\" srcset=\"https:\/\/corrientesdetarde.com\/wp-content\/uploads\/2025\/01\/image-505.png 380w, https:\/\/corrientesdetarde.com\/wp-content\/uploads\/2025\/01\/image-505-300x252.png 300w\" sizes=\"auto, (max-width: 380px) 100vw, 380px\" \/><\/figure>\n<\/div>\n\n\n<p>El sospechoso comparti\u00f3 en redes sociales, rato antes del siniestro, fotograf\u00edas en las que posa con un vaso de cerveza en la mano durante una reuni\u00f3n con amigos.<\/p>\n\n\n\n<p>La Unidad Fiscal de Investigaciones Concretas a cargo de Ram\u00f3n Alfredo Muth dio directivas para la realizaci\u00f3n de las pericias correspondientes, el secuestro de la motocicleta y la b\u00fasqueda del autom\u00f3vil como de quien lo manejaba al momento del choque.<\/p>\n\n\n\n<p>&#8220;Mi amigo Miguel se romp\u00eda laburando para mantener a su vieja (sic) y hacer su casa, era un laburante y no se meti\u00f3 nunca en cosas malas para terminar as\u00ed y con una familia destruida&#8221;, escribi\u00f3 Ignacio en redes sociales.<\/p>\n\n\n\n<p>Al cierre de esta edici\u00f3n, las autoridades no informaron sobre la demora del desaprensivo conductor.<\/p>\n","protected":false},"excerpt":{"rendered":"<p>Dos motociclistas fueron atropellados por un autom\u00f3vil que circulaba, a alta velocidad, en el centro de la ciudad correntina de Bella Vista. Poco despu\u00e9s una de las v\u00edctimas muri\u00f3 en&hellip; <\/p>\n","protected":false},"author":1,"featured_media":186762,"comment_status":"closed","ping_status":"open","sticky":false,"template":"","format":"standard","meta":{"footnotes":""},"categories":[33],"tags":[],"class_list":["post-186758","post","type-post","status-publish","format-standard","has-post-thumbnail","hentry","category-policiales"],"_links":{"self":[{"href":"https:\/\/corrientesdetarde.com\/index.php\/wp-json\/wp\/v2\/posts\/186758","targetHints":{"allow":["GET"]}}],"collection":[{"href":"https:\/\/corrientesdetarde.com\/index.php\/wp-json\/wp\/v2\/posts"}],"about":[{"href":"https:\/\/corrientesdetarde.com\/index.php\/wp-json\/wp\/v2\/types\/post"}],"author":[{"embeddable":true,"href":"https:\/\/corrientesdetarde.com\/index.php\/wp-json\/wp\/v2\/users\/1"}],"replies":[{"embeddable":true,"href":"https:\/\/corrientesdetarde.com\/index.php\/wp-json\/wp\/v2\/comments?post=186758"}],"version-history":[{"count":1,"href":"https:\/\/corrientesdetarde.com\/index.php\/wp-json\/wp\/v2\/posts\/186758\/revisions"}],"predecessor-version":[{"id":186763,"href":"https:\/\/corrientesdetarde.com\/index.php\/wp-json\/wp\/v2\/posts\/186758\/revisions\/186763"}],"wp:featuredmedia":[{"embeddable":true,"href":"https:\/\/corrientesdetarde.com\/index.php\/wp-json\/wp\/v2\/media\/186762"}],"wp:attachment":[{"href":"https:\/\/corrientesdetarde.com\/index.php\/wp-json\/wp\/v2\/media?parent=186758"}],"wp:term":[{"taxonomy":"category","embeddable":true,"href":"https:\/\/corrientesdetarde.com\/index.php\/wp-json\/wp\/v2\/categories?post=186758"},{"taxonomy":"post_tag","embeddable":true,"href":"https:\/\/corrientesdetarde.com\/index.php\/wp-json\/wp\/v2\/tags?post=186758"}],"curies":[{"name":"wp","href":"https:\/\/api.w.org\/{rel}","templated":true}]}}