{"id":186759,"date":"2025-01-26T08:49:38","date_gmt":"2025-01-26T11:49:38","guid":{"rendered":"https:\/\/corrientesdetarde.com\/?p=186759"},"modified":"2025-01-26T08:49:49","modified_gmt":"2025-01-26T11:49:49","slug":"inicio-de-ano-historicamente-seco-para-la-ciudad-solo-llovieron-2-milimetros","status":"publish","type":"post","link":"https:\/\/corrientesdetarde.com\/index.php\/locales\/inicio-de-ano-historicamente-seco-para-la-ciudad-solo-llovieron-2-milimetros\/","title":{"rendered":"Inicio de a\u00f1o hist\u00f3ricamente seco para la ciudad, solo llovieron 2 mil\u00edmetros"},"content":{"rendered":"\n<p>Corrientes atraviesa una situaci\u00f3n cr\u00edtica en t\u00e9rminos de precipitaciones.&nbsp;<strong>Desde el inicio de 2025, la capital correntina apenas registra 2 mil\u00edmetros de lluvia,<\/strong>&nbsp;una cifra alarmante que posiciona este inicio de a\u00f1o por debajo del r\u00e9cord&nbsp;<strong>m\u00ednimo hist\u00f3rico alcanzado en 2022, cuando se registraron solo 5 mm en el mismo periodo<\/strong>, teniendo en cuenta los datos del Observatorio Meteorol\u00f3gico del INTA EEA Corrientes.&nbsp;<strong>El promedio medio&nbsp;del mes de enero es de 180&nbsp;mil\u00edmetros.&nbsp;<\/strong><\/p>\n\n\n\n<p><br>Se analiz\u00f3 los datos del organismo y se pudo observar que las lluvias de este a\u00f1o se limitaron a\u00a0<strong>dos episodios<\/strong>:\u00a0<strong>uno el 19 de enero<\/strong>, con una acumulaci\u00f3n\u00a0<strong>de apenas 2 mm<\/strong>, y otro\u00a0<strong>el 23 de enero,<\/strong>\u00a0cuyos<strong>\u00a0niveles fueron tan bajos que no pudieron ser medidos.\u00a0<\/strong>Este panorama agrava la situaci\u00f3n h\u00eddrica en una provincia acostumbrada a lidiar con ciclos de sequ\u00edas, pero que ahora enfrenta niveles extremos.<\/p>\n\n\n\n<p><br>En 2024, las lluvias acumuladas durante todo el a\u00f1o en la ciudad de Corrientes alcanzaron los 1.315 mm. En enero las precipitaciones acumuladas hab\u00edan alcanzado los 82,8 mm, mientras que en enero de 2023 se registraron 82,3 mm, seg\u00fan datos del Instituto Correntino del Agua y del Ambiente (ICAA).&nbsp;<br>Esto subraya la magnitud de la actual crisis, pues los valores de este a\u00f1o est\u00e1n por debajo de cualquier par\u00e1metro reciente, incluso el del 2022 que hab\u00eda sido el enero m\u00e1s seco de los \u00faltimos tiempos.&nbsp;<\/p>\n\n\n\n<p><br>La baja en la cantidad de precipitaciones comenz\u00f3 a notarse en diciembre del 2024 cuando se report\u00f3 55,7 mm de lluvia, un dato preocupante al compararlo con los 218,3 mm registrados en diciembre de 2023.<\/p>\n\n\n\n<p><br>El impacto de la llegada del fen\u00f3meno clim\u00e1tico de La Ni\u00f1a, trae la combinaci\u00f3n de temperaturas altas y escasez de lluvias llevando a altos extremos en Corrientes.&nbsp;<\/p>\n","protected":false},"excerpt":{"rendered":"<p>Corrientes atraviesa una situaci\u00f3n cr\u00edtica en t\u00e9rminos de precipitaciones.&nbsp;Desde el inicio de 2025, la capital correntina apenas registra 2 mil\u00edmetros de lluvia,&nbsp;una cifra alarmante que posiciona este inicio de a\u00f1o&hellip; <\/p>\n","protected":false},"author":1,"featured_media":138223,"comment_status":"closed","ping_status":"open","sticky":false,"template":"","format":"standard","meta":{"footnotes":""},"categories":[8],"tags":[],"class_list":["post-186759","post","type-post","status-publish","format-standard","has-post-thumbnail","hentry","category-locales"],"_links":{"self":[{"href":"https:\/\/corrientesdetarde.com\/index.php\/wp-json\/wp\/v2\/posts\/186759","targetHints":{"allow":["GET"]}}],"collection":[{"href":"https:\/\/corrientesdetarde.com\/index.php\/wp-json\/wp\/v2\/posts"}],"about":[{"href":"https:\/\/corrientesdetarde.com\/index.php\/wp-json\/wp\/v2\/types\/post"}],"author":[{"embeddable":true,"href":"https:\/\/corrientesdetarde.com\/index.php\/wp-json\/wp\/v2\/users\/1"}],"replies":[{"embeddable":true,"href":"https:\/\/corrientesdetarde.com\/index.php\/wp-json\/wp\/v2\/comments?post=186759"}],"version-history":[{"count":1,"href":"https:\/\/corrientesdetarde.com\/index.php\/wp-json\/wp\/v2\/posts\/186759\/revisions"}],"predecessor-version":[{"id":186760,"href":"https:\/\/corrientesdetarde.com\/index.php\/wp-json\/wp\/v2\/posts\/186759\/revisions\/186760"}],"wp:featuredmedia":[{"embeddable":true,"href":"https:\/\/corrientesdetarde.com\/index.php\/wp-json\/wp\/v2\/media\/138223"}],"wp:attachment":[{"href":"https:\/\/corrientesdetarde.com\/index.php\/wp-json\/wp\/v2\/media?parent=186759"}],"wp:term":[{"taxonomy":"category","embeddable":true,"href":"https:\/\/corrientesdetarde.com\/index.php\/wp-json\/wp\/v2\/categories?post=186759"},{"taxonomy":"post_tag","embeddable":true,"href":"https:\/\/corrientesdetarde.com\/index.php\/wp-json\/wp\/v2\/tags?post=186759"}],"curies":[{"name":"wp","href":"https:\/\/api.w.org\/{rel}","templated":true}]}}