{"id":186868,"date":"2025-01-26T20:50:00","date_gmt":"2025-01-26T23:50:00","guid":{"rendered":"https:\/\/corrientesdetarde.com\/?p=186868"},"modified":"2025-01-26T20:36:45","modified_gmt":"2025-01-26T23:36:45","slug":"sol-perez-mostro-su-rutina-de-entrenamiento-durante-el-embarazo","status":"publish","type":"post","link":"https:\/\/corrientesdetarde.com\/index.php\/espectaculos\/sol-perez-mostro-su-rutina-de-entrenamiento-durante-el-embarazo\/","title":{"rendered":"Sol P\u00e9rez mostr\u00f3 su rutina de entrenamiento durante el embarazo."},"content":{"rendered":"\n<h2 class=\"wp-block-heading\">La panelista espera a su primer hijo, Marco, fruto de la relaci\u00f3n con Guido Mazzoni. Embarazada de 30 semanas, se muestra muy activa en redes sociales.<\/h2>\n\n\n\n<p><strong>Sol P\u00e9rez<\/strong> transita su s\u00e9ptimo mes de embarazo y se muestra muy activa. Este domingo, la panelista comparti\u00f3 su\u00a0<strong>exigente rutina de entrenamiento y revel\u00f3 cu\u00e1l es su mayor antojo.<\/strong><\/p>\n\n\n\n<p><strong>\u201cArrancando nuestra semana 30. Marco ya es una calabaza. No puedo creerlo\u2026 as\u00ed me ver\u00e1n mientras me acompa\u00f1e el cuerpo y las ganas\u201d<\/strong>, escribi\u00f3 entusiasmada junto a un video donde se la puede ver ejercitando con bandas, pelota y barra.<\/p>\n\n\n\n<figure class=\"wp-block-image size-large\"><img loading=\"lazy\" decoding=\"async\" width=\"1024\" height=\"877\" src=\"https:\/\/corrientesdetarde.com\/wp-content\/uploads\/2025\/01\/image-520-1024x877.png\" alt=\"\" class=\"wp-image-186870\" srcset=\"https:\/\/corrientesdetarde.com\/wp-content\/uploads\/2025\/01\/image-520-1024x877.png 1024w, https:\/\/corrientesdetarde.com\/wp-content\/uploads\/2025\/01\/image-520-300x257.png 300w, https:\/\/corrientesdetarde.com\/wp-content\/uploads\/2025\/01\/image-520-768x658.png 768w, https:\/\/corrientesdetarde.com\/wp-content\/uploads\/2025\/01\/image-520.png 1440w\" sizes=\"auto, (max-width: 1024px) 100vw, 1024px\" \/><\/figure>\n\n\n\n<p>La grabaci\u00f3n no pas\u00f3 inadvertida entre sus seguidores que destacaron la fuerza de voluntad. \u201cEl verdadero no hay excusas, mientras el embarazo lo permita\u201d, \u201cQu\u00e9 hermoso\u201d, \u201cLo activo que va a ser ese beb\u00e9\u201d, \u201cGran ejemplo. Vas a tener un posparto incre\u00edble\u201d, \u201cHablame de disciplina\u201d, fueron algunos de los mensajes que m\u00e1s se repitieron.<\/p>\n\n\n\n<p>Con total sinceridad, una usuaria coment\u00f3: \u201cPensar que a las 30 semanas estaba paseando con un pote de helado por mis antojos. Bravo, Sol, aprovech\u00e1 que pod\u00e9s\u201d. Y la influencer respondi\u00f3:&nbsp;<strong>\u201cJajaja est\u00e1 muy bien eso. Yo estoy fan del dulce de leche\u201d.<\/strong><\/p>\n\n\n\n<figure class=\"wp-block-image size-large\"><img loading=\"lazy\" decoding=\"async\" width=\"609\" height=\"1024\" src=\"https:\/\/corrientesdetarde.com\/wp-content\/uploads\/2025\/01\/image-521-609x1024.png\" alt=\"\" class=\"wp-image-186871\" srcset=\"https:\/\/corrientesdetarde.com\/wp-content\/uploads\/2025\/01\/image-521-609x1024.png 609w, https:\/\/corrientesdetarde.com\/wp-content\/uploads\/2025\/01\/image-521-179x300.png 179w, https:\/\/corrientesdetarde.com\/wp-content\/uploads\/2025\/01\/image-521-768x1291.png 768w, https:\/\/corrientesdetarde.com\/wp-content\/uploads\/2025\/01\/image-521-914x1536.png 914w, https:\/\/corrientesdetarde.com\/wp-content\/uploads\/2025\/01\/image-521-1219x2048.png 1219w, https:\/\/corrientesdetarde.com\/wp-content\/uploads\/2025\/01\/image-521.png 1440w\" sizes=\"auto, (max-width: 609px) 100vw, 609px\" \/><\/figure>\n\n\n\n<p>Entre las reacciones no falt\u00f3 la de su pareja, Guido Mazzoni, quien alent\u00f3:&nbsp;<strong>\u201c\u00a1Vamooo Marco! \u00a1Te amamos! Est\u00e1s hermosa, amor m\u00edo\u201d.<\/strong><\/p>\n\n\n\n<p>Sol siempre destac\u00f3 que&nbsp;<strong>los h\u00e1bitos saludables eran para de su rutina diaria<\/strong>&nbsp;y, desde que anunci\u00f3 su embarazo, aclar\u00f3 que iba a seguir ejercit\u00e1ndose. Desde entonces, suele mostrarse haciendo estocadas, plancha, sentadillas y ejercicios de fuerza y sus posteos no pasan inadvertidos entre sus m\u00e1s de seis millones de seguidores que la elogian y alientan a seguir adelante.<\/p>\n","protected":false},"excerpt":{"rendered":"<p>La panelista espera a su primer hijo, Marco, fruto de la relaci\u00f3n con Guido Mazzoni. Embarazada de 30 semanas, se muestra muy activa en redes sociales. Sol P\u00e9rez transita su&hellip; <\/p>\n","protected":false},"author":6,"featured_media":186872,"comment_status":"closed","ping_status":"open","sticky":false,"template":"","format":"standard","meta":{"footnotes":""},"categories":[19],"tags":[],"class_list":["post-186868","post","type-post","status-publish","format-standard","has-post-thumbnail","hentry","category-espectaculos"],"_links":{"self":[{"href":"https:\/\/corrientesdetarde.com\/index.php\/wp-json\/wp\/v2\/posts\/186868","targetHints":{"allow":["GET"]}}],"collection":[{"href":"https:\/\/corrientesdetarde.com\/index.php\/wp-json\/wp\/v2\/posts"}],"about":[{"href":"https:\/\/corrientesdetarde.com\/index.php\/wp-json\/wp\/v2\/types\/post"}],"author":[{"embeddable":true,"href":"https:\/\/corrientesdetarde.com\/index.php\/wp-json\/wp\/v2\/users\/6"}],"replies":[{"embeddable":true,"href":"https:\/\/corrientesdetarde.com\/index.php\/wp-json\/wp\/v2\/comments?post=186868"}],"version-history":[{"count":2,"href":"https:\/\/corrientesdetarde.com\/index.php\/wp-json\/wp\/v2\/posts\/186868\/revisions"}],"predecessor-version":[{"id":186875,"href":"https:\/\/corrientesdetarde.com\/index.php\/wp-json\/wp\/v2\/posts\/186868\/revisions\/186875"}],"wp:featuredmedia":[{"embeddable":true,"href":"https:\/\/corrientesdetarde.com\/index.php\/wp-json\/wp\/v2\/media\/186872"}],"wp:attachment":[{"href":"https:\/\/corrientesdetarde.com\/index.php\/wp-json\/wp\/v2\/media?parent=186868"}],"wp:term":[{"taxonomy":"category","embeddable":true,"href":"https:\/\/corrientesdetarde.com\/index.php\/wp-json\/wp\/v2\/categories?post=186868"},{"taxonomy":"post_tag","embeddable":true,"href":"https:\/\/corrientesdetarde.com\/index.php\/wp-json\/wp\/v2\/tags?post=186868"}],"curies":[{"name":"wp","href":"https:\/\/api.w.org\/{rel}","templated":true}]}}