{"id":18694,"date":"2022-11-10T18:18:50","date_gmt":"2022-11-10T21:18:50","guid":{"rendered":"https:\/\/corrientesdetarde.com\/?p=18694"},"modified":"2022-11-10T18:23:24","modified_gmt":"2022-11-10T21:23:24","slug":"fin-de-semana-con-ferias-gastronomia-actividades-deportivas-y-tecnologicas","status":"publish","type":"post","link":"https:\/\/corrientesdetarde.com\/index.php\/sociales\/fin-de-semana-con-ferias-gastronomia-actividades-deportivas-y-tecnologicas\/","title":{"rendered":"Fin de semana con ferias, gastronom\u00eda, actividades deportivas y tecnol\u00f3gicas"},"content":{"rendered":"\n<p>La Municipalidad de Corrientes prepara una atractiva programaci\u00f3n de actividades para los vecinos y visitantes, con propuestas que incluyen: gastronom\u00eda, cerveza artesanal, las cl\u00e1sicas ferias, al igual que varias competencias deportivas y tecnol\u00f3gicas.\u00a0<\/p>\n\n\n\n<p>Como cada fin de semana, la Municipalidad ofrece distintas alternativas para el disfrute de los vecinos de Corrientes y de quienes visitan la ciudad. Del jueves al domingo se realizar\u00e1n m\u00faltiples actividades culturales, deportivas y de entretenimiento en diversos puntos de la capital, siempre y cuando las condiciones del tiempo acompa\u00f1en.<br>\u00a0<br>La Feria de Artesanos se podr\u00e1 visitar el viernes en la plaza Cabral (peatonal Jun\u00edn entre San Lorenzo y Santa Fe), de 9 a 21, mientras que s\u00e1bado y domingo se desarrollar\u00e1 en un nuevo espacio, ubicado sobre avenida costanera Juan Pablo II y Las Heras.<br>\u00a0<br>En ambos lugares, los feriantes estar\u00e1n de 9 a 21, con productos realizados en madera, hierro, adem\u00e1s de tejidos, entre otras manualidades, como as\u00ed tambi\u00e9n floricultura, dulces regionales y platos regionales.<br>\u00a0<br>DESAF\u00cdO TECNICAR 2022<br>La competencia \u201cTecnicar 2022- Desaf\u00edo Corrientes\u201d, llega por primera vez a Corrientes de acuerdo a bases expresadas en los reglamentos t\u00e9cnico y deportivo, con las escuelas t\u00e9cnicas del pa\u00eds a trav\u00e9s del Instituto Nacional de Educaci\u00f3n Tecnol\u00f3gica (INET) y su escenario ser\u00e1 la Costanera Sur.<br>\u00a0<br>Durante los d\u00edas jueves 10 y viernes 11, se despejar\u00e1 el tr\u00e1nsito desde Costanera y Lamadrid hasta avenida Romero y Suipacha. Desde las 19 y hasta pasadas las 22.30, se desarrollar\u00e1n distintas competencias como ser \u201cpicada\u201d, \u201cprueba de destreza\u201d y \u201cdesaf\u00edo femenino\u201d.<br>\u00a0<br>AGENDA COMPLETA<br>De 8 a 10.30, con largada desde la Av. Costanera Juan Pablo II y Lavalle se realizar\u00e1 una Marat\u00f3n Aer\u00f3bica acompa\u00f1ando al nivel primario del Colegio Santa Ana en conmemoraci\u00f3n del D\u00eda de la Educaci\u00f3n F\u00edsica.<br>\u00a0<br>Asimismo, de 8.30 a 20.30, en el Campus de la Facultad de Derecho se llevar\u00e1 adelante el \u201cHello Hackathon Corrientes\u201d, una competencia para adolescentes en tem\u00e1ticas de econom\u00eda del conocimiento.<br>\u00a0<br>El Patio Gastron\u00f3mico y Patio Cervecero ofrecer\u00e1n propuestas deliciosas para los vecinos y visitantes, en el Paseo Arazaty, de 19 a 2.<br>\u00a0<br>En tanto, en el Centro Integrador Comunitario (CIC) del barrio Ciudades Correntinas se realizar\u00e1 un Cuadrangular de F\u00fatbol, de 9 a 12.<br>\u00a0<br>M\u00e1s tarde, de 20 a 2, tendr\u00e1 lugar en el Club de Regatas Corrientes, la Batalla del Puente. La d\u00e9cima edici\u00f3n de una competencia de artes marciales y kickboxing.<br>\u00a0<br>En tanto, desde el jueves al domingo en el Complejo San Miguel (Honduras entre Av. La Paz y Av. Maip\u00fa) se desarrollar\u00e1 el torneo de paddle \u2018Master Series\u2019, en el horario de 9 a 20.<br>\u00a0<br>Cabe se\u00f1alar que los d\u00edas s\u00e1bado 12 y domingo 13 deb\u00eda realizarse el 3\u00b0 Festival de Chamam\u00e9 Bailable \u201cA bailar Chamam\u00e9\u201d, pero ante las inclemencias del clima reinantes se reprogramar\u00e1. La informaci\u00f3n de las fechas se dar\u00e1 a conocer a trav\u00e9s de los distintos medios dispuestos por la Municipalidad.<br>\u00a0<br>SOL Y ARENA<br>Los vecinos y turistas podr\u00e1n disfrutar de los balnearios p\u00fablicos municipales que cuenta con todos los servicios gratuitos, adem\u00e1s de recreaciones al aire libre.<br>\u00a0<br>\u00a0De 8 a 20, con servicio de guardavidas, ba\u00f1os p\u00fablicos, entre otros, se encuentran habilitadas las playas Arazaty I y II, Isla Malvinas I y II y Molina Punta. Adem\u00e1s, en las Malvinas II se encuentra el Paseo Balneario Recreativo Exclusivo para Canes.<br>\u00a0<br>INFORMACI\u00d3N TUR\u00cdSTICA<br>Durante estos d\u00edas, quienes deseen recabar informaci\u00f3n de todas las actividades, puntos tur\u00edsticos y dem\u00e1s atractivos que se pueden realizar en la ciudad, podr\u00e1n acercarse a cualquiera de los Centros de Informes Tur\u00edsticos.<br>\u00a0<br>\u00a0Los mismos se encuentran en la plaza Sargento Cabral (lunes a viernes de 7 a 13; y fines de semana y feriados, de 7 a 22); plaza Juan de Vera (lunes a viernes de 8 a 20; fines de semana y feriados, de 7 a 22) y en la Terminal de \u00d3mnibus (lunes a viernes, de 8 a 11, fines de semana y feriados de 8 a 20)<\/p>\n\n\n\n<figure class=\"wp-block-image size-large\"><img loading=\"lazy\" decoding=\"async\" width=\"1024\" height=\"1024\" src=\"https:\/\/corrientesdetarde.com\/wp-content\/uploads\/2022\/11\/image-130-1024x1024.png\" alt=\"\" class=\"wp-image-18699\" srcset=\"https:\/\/corrientesdetarde.com\/wp-content\/uploads\/2022\/11\/image-130-1024x1024.png 1024w, https:\/\/corrientesdetarde.com\/wp-content\/uploads\/2022\/11\/image-130-300x300.png 300w, https:\/\/corrientesdetarde.com\/wp-content\/uploads\/2022\/11\/image-130-150x150.png 150w, https:\/\/corrientesdetarde.com\/wp-content\/uploads\/2022\/11\/image-130-768x769.png 768w, https:\/\/corrientesdetarde.com\/wp-content\/uploads\/2022\/11\/image-130-375x375.png 375w, https:\/\/corrientesdetarde.com\/wp-content\/uploads\/2022\/11\/image-130.png 1279w\" sizes=\"auto, (max-width: 1024px) 100vw, 1024px\" \/><\/figure>\n\n\n\n<figure class=\"wp-block-image size-large\"><img loading=\"lazy\" decoding=\"async\" width=\"1024\" height=\"1024\" src=\"https:\/\/corrientesdetarde.com\/wp-content\/uploads\/2022\/11\/image-129-1024x1024.png\" alt=\"\" class=\"wp-image-18698\" srcset=\"https:\/\/corrientesdetarde.com\/wp-content\/uploads\/2022\/11\/image-129-1024x1024.png 1024w, https:\/\/corrientesdetarde.com\/wp-content\/uploads\/2022\/11\/image-129-300x300.png 300w, https:\/\/corrientesdetarde.com\/wp-content\/uploads\/2022\/11\/image-129-150x150.png 150w, https:\/\/corrientesdetarde.com\/wp-content\/uploads\/2022\/11\/image-129-768x768.png 768w, https:\/\/corrientesdetarde.com\/wp-content\/uploads\/2022\/11\/image-129-375x375.png 375w, https:\/\/corrientesdetarde.com\/wp-content\/uploads\/2022\/11\/image-129.png 1280w\" sizes=\"auto, (max-width: 1024px) 100vw, 1024px\" \/><\/figure>\n\n\n\n<p><\/p>\n\n\n\n<figure class=\"wp-block-table\"><table><tbody><tr><td><br><br><br><\/td><\/tr><\/tbody><\/table><\/figure>\n\n\n\n<figure class=\"wp-block-table\"><table><tbody><tr><td><\/td><\/tr><\/tbody><\/table><\/figure>\n","protected":false},"excerpt":{"rendered":"<p>La Municipalidad de Corrientes prepara una atractiva programaci\u00f3n de actividades para los vecinos y visitantes, con propuestas que incluyen: gastronom\u00eda, cerveza artesanal, las cl\u00e1sicas ferias, al igual que varias competencias&hellip; <\/p>\n","protected":false},"author":8,"featured_media":18695,"comment_status":"closed","ping_status":"open","sticky":false,"template":"","format":"standard","meta":{"footnotes":""},"categories":[17],"tags":[],"class_list":["post-18694","post","type-post","status-publish","format-standard","has-post-thumbnail","hentry","category-sociales"],"_links":{"self":[{"href":"https:\/\/corrientesdetarde.com\/index.php\/wp-json\/wp\/v2\/posts\/18694","targetHints":{"allow":["GET"]}}],"collection":[{"href":"https:\/\/corrientesdetarde.com\/index.php\/wp-json\/wp\/v2\/posts"}],"about":[{"href":"https:\/\/corrientesdetarde.com\/index.php\/wp-json\/wp\/v2\/types\/post"}],"author":[{"embeddable":true,"href":"https:\/\/corrientesdetarde.com\/index.php\/wp-json\/wp\/v2\/users\/8"}],"replies":[{"embeddable":true,"href":"https:\/\/corrientesdetarde.com\/index.php\/wp-json\/wp\/v2\/comments?post=18694"}],"version-history":[{"count":2,"href":"https:\/\/corrientesdetarde.com\/index.php\/wp-json\/wp\/v2\/posts\/18694\/revisions"}],"predecessor-version":[{"id":18700,"href":"https:\/\/corrientesdetarde.com\/index.php\/wp-json\/wp\/v2\/posts\/18694\/revisions\/18700"}],"wp:featuredmedia":[{"embeddable":true,"href":"https:\/\/corrientesdetarde.com\/index.php\/wp-json\/wp\/v2\/media\/18695"}],"wp:attachment":[{"href":"https:\/\/corrientesdetarde.com\/index.php\/wp-json\/wp\/v2\/media?parent=18694"}],"wp:term":[{"taxonomy":"category","embeddable":true,"href":"https:\/\/corrientesdetarde.com\/index.php\/wp-json\/wp\/v2\/categories?post=18694"},{"taxonomy":"post_tag","embeddable":true,"href":"https:\/\/corrientesdetarde.com\/index.php\/wp-json\/wp\/v2\/tags?post=18694"}],"curies":[{"name":"wp","href":"https:\/\/api.w.org\/{rel}","templated":true}]}}