{"id":186977,"date":"2025-01-27T13:20:12","date_gmt":"2025-01-27T16:20:12","guid":{"rendered":"https:\/\/corrientesdetarde.com\/?p=186977"},"modified":"2025-01-27T13:20:19","modified_gmt":"2025-01-27T16:20:19","slug":"los-carnavales-de-goya-brillaron-ante-una-gran-cantidad-de-publico","status":"publish","type":"post","link":"https:\/\/corrientesdetarde.com\/index.php\/interior\/los-carnavales-de-goya-brillaron-ante-una-gran-cantidad-de-publico\/","title":{"rendered":"Los carnavales de Goya brillaron ante una gran cantidad de p\u00fablico"},"content":{"rendered":"\n<p>Con el acompa\u00f1amiento del Gobierno de la Provincia a trav\u00e9s del Ministerio de Turismo de Corrientes, este pasado s\u00e1bado 25 de enero en el Predio Costa Surub\u00ed se llev\u00f3 adelante la segunda m\u00e1gica noche de carnavales en la ciudad de Goya.<\/p>\n\n\n\n<p>Vale mencionar que estuvo presente junto al intendente de Goya Mariano Hormaechea, el intendente de Ituzaing\u00f3 Juan Pablo Vald\u00e9s y el subsecretario de Desarrollo Tur\u00edstico Regional y Coordinaci\u00f3n de Eventos, Oscar Macias del Ministerio de Turismo, entre otros funcionarios de la Provincia.<\/p>\n\n\n\n<p>La segunda noche de Carnavales Goyanos fue absolutamente inolvidable, con una capacidad colmada de un p\u00fablico predispuesto a estallar de alegr\u00eda.&nbsp; Fenix , Tropical , Aram\u00ed , It\u00e1 Ver\u00e1 , Aymar\u00e1 y Poramb\u00e1 fueron las encargadas de cautivar a un corsodromo repleto que supo dejarse contagiar por el legado de Momo&nbsp; en cada uno de los pasistas.<\/p>\n\n\n\n<p>&nbsp;En este contexto el Ministerio de Turismo de Corrientes acompa\u00f1\u00f3 con promotoras, quienes regalaron al p\u00fablico de las tribunas distintos obsequios de Merchandising.<\/p>\n\n\n\n<p>Cabe mencionar que Goya forma parte de la Microrregi\u00f3n R\u00edo Santa Luc\u00eda, un grupo de municipios que trabajan en conjunto para fortalecer el turismo, la econom\u00eda y diversas iniciativas regionales.<\/p>\n\n\n\n<p>Por lo tanto, este verano, Goya no solo ofrece un carnaval lleno de magia, sino tambi\u00e9n una amplia oferta de actividades para disfrutar con la familia y amigos, consolid\u00e1ndose como un destino tur\u00edstico de gran importancia en la provincia.<\/p>\n\n\n\n<figure class=\"wp-block-image size-large\"><img loading=\"lazy\" decoding=\"async\" width=\"768\" height=\"1024\" src=\"https:\/\/corrientesdetarde.com\/wp-content\/uploads\/2025\/01\/image-551-768x1024.png\" alt=\"\" class=\"wp-image-186978\" srcset=\"https:\/\/corrientesdetarde.com\/wp-content\/uploads\/2025\/01\/image-551-768x1024.png 768w, https:\/\/corrientesdetarde.com\/wp-content\/uploads\/2025\/01\/image-551-225x300.png 225w, https:\/\/corrientesdetarde.com\/wp-content\/uploads\/2025\/01\/image-551-1152x1536.png 1152w, https:\/\/corrientesdetarde.com\/wp-content\/uploads\/2025\/01\/image-551-1536x2048.png 1536w\" sizes=\"auto, (max-width: 768px) 100vw, 768px\" \/><\/figure>\n\n\n\n<figure class=\"wp-block-image size-large\"><img loading=\"lazy\" decoding=\"async\" width=\"768\" height=\"1024\" src=\"https:\/\/corrientesdetarde.com\/wp-content\/uploads\/2025\/01\/image-553-768x1024.png\" alt=\"\" class=\"wp-image-186980\" srcset=\"https:\/\/corrientesdetarde.com\/wp-content\/uploads\/2025\/01\/image-553-768x1024.png 768w, https:\/\/corrientesdetarde.com\/wp-content\/uploads\/2025\/01\/image-553-225x300.png 225w, https:\/\/corrientesdetarde.com\/wp-content\/uploads\/2025\/01\/image-553-1152x1536.png 1152w, https:\/\/corrientesdetarde.com\/wp-content\/uploads\/2025\/01\/image-553-1536x2048.png 1536w\" sizes=\"auto, (max-width: 768px) 100vw, 768px\" \/><\/figure>\n\n\n\n<figure class=\"wp-block-image size-large\"><img loading=\"lazy\" decoding=\"async\" width=\"766\" height=\"1024\" src=\"https:\/\/corrientesdetarde.com\/wp-content\/uploads\/2025\/01\/image-552-766x1024.png\" alt=\"\" class=\"wp-image-186979\" srcset=\"https:\/\/corrientesdetarde.com\/wp-content\/uploads\/2025\/01\/image-552-766x1024.png 766w, https:\/\/corrientesdetarde.com\/wp-content\/uploads\/2025\/01\/image-552-225x300.png 225w, https:\/\/corrientesdetarde.com\/wp-content\/uploads\/2025\/01\/image-552-768x1026.png 768w, https:\/\/corrientesdetarde.com\/wp-content\/uploads\/2025\/01\/image-552.png 1080w\" sizes=\"auto, (max-width: 766px) 100vw, 766px\" \/><\/figure>\n\n\n\n<figure class=\"wp-block-image size-large\"><img loading=\"lazy\" decoding=\"async\" width=\"1024\" height=\"473\" src=\"https:\/\/corrientesdetarde.com\/wp-content\/uploads\/2025\/01\/image-554-1024x473.png\" alt=\"\" class=\"wp-image-186981\" srcset=\"https:\/\/corrientesdetarde.com\/wp-content\/uploads\/2025\/01\/image-554-1024x473.png 1024w, https:\/\/corrientesdetarde.com\/wp-content\/uploads\/2025\/01\/image-554-300x139.png 300w, https:\/\/corrientesdetarde.com\/wp-content\/uploads\/2025\/01\/image-554-768x355.png 768w, https:\/\/corrientesdetarde.com\/wp-content\/uploads\/2025\/01\/image-554-1536x709.png 1536w, https:\/\/corrientesdetarde.com\/wp-content\/uploads\/2025\/01\/image-554-2048x946.png 2048w\" sizes=\"auto, (max-width: 1024px) 100vw, 1024px\" \/><\/figure>\n\n\n\n<figure class=\"wp-block-image size-large\"><img loading=\"lazy\" decoding=\"async\" width=\"1024\" height=\"683\" src=\"https:\/\/corrientesdetarde.com\/wp-content\/uploads\/2025\/01\/image-555-1024x683.png\" alt=\"\" class=\"wp-image-186982\" srcset=\"https:\/\/corrientesdetarde.com\/wp-content\/uploads\/2025\/01\/image-555-1024x683.png 1024w, https:\/\/corrientesdetarde.com\/wp-content\/uploads\/2025\/01\/image-555-300x200.png 300w, https:\/\/corrientesdetarde.com\/wp-content\/uploads\/2025\/01\/image-555-768x512.png 768w, https:\/\/corrientesdetarde.com\/wp-content\/uploads\/2025\/01\/image-555-1536x1025.png 1536w, https:\/\/corrientesdetarde.com\/wp-content\/uploads\/2025\/01\/image-555.png 2048w\" sizes=\"auto, (max-width: 1024px) 100vw, 1024px\" \/><\/figure>\n\n\n\n<figure class=\"wp-block-image size-large\"><img loading=\"lazy\" decoding=\"async\" width=\"1024\" height=\"683\" src=\"https:\/\/corrientesdetarde.com\/wp-content\/uploads\/2025\/01\/image-556-1024x683.png\" alt=\"\" class=\"wp-image-186983\" srcset=\"https:\/\/corrientesdetarde.com\/wp-content\/uploads\/2025\/01\/image-556-1024x683.png 1024w, https:\/\/corrientesdetarde.com\/wp-content\/uploads\/2025\/01\/image-556-300x200.png 300w, https:\/\/corrientesdetarde.com\/wp-content\/uploads\/2025\/01\/image-556-768x512.png 768w, https:\/\/corrientesdetarde.com\/wp-content\/uploads\/2025\/01\/image-556-1536x1025.png 1536w, https:\/\/corrientesdetarde.com\/wp-content\/uploads\/2025\/01\/image-556.png 2048w\" sizes=\"auto, (max-width: 1024px) 100vw, 1024px\" \/><\/figure>\n\n\n\n<figure class=\"wp-block-image size-large\"><img loading=\"lazy\" decoding=\"async\" width=\"768\" height=\"1024\" src=\"https:\/\/corrientesdetarde.com\/wp-content\/uploads\/2025\/01\/image-557-768x1024.png\" alt=\"\" class=\"wp-image-186984\" srcset=\"https:\/\/corrientesdetarde.com\/wp-content\/uploads\/2025\/01\/image-557-768x1024.png 768w, https:\/\/corrientesdetarde.com\/wp-content\/uploads\/2025\/01\/image-557-225x300.png 225w, https:\/\/corrientesdetarde.com\/wp-content\/uploads\/2025\/01\/image-557-1152x1536.png 1152w, https:\/\/corrientesdetarde.com\/wp-content\/uploads\/2025\/01\/image-557-1536x2048.png 1536w\" sizes=\"auto, (max-width: 768px) 100vw, 768px\" \/><\/figure>\n","protected":false},"excerpt":{"rendered":"<p>Con el acompa\u00f1amiento del Gobierno de la Provincia a trav\u00e9s del Ministerio de Turismo de Corrientes, este pasado s\u00e1bado 25 de enero en el Predio Costa Surub\u00ed se llev\u00f3 adelante&hellip; <\/p>\n","protected":false},"author":8,"featured_media":186981,"comment_status":"closed","ping_status":"open","sticky":false,"template":"","format":"standard","meta":{"footnotes":""},"categories":[1658],"tags":[],"class_list":["post-186977","post","type-post","status-publish","format-standard","has-post-thumbnail","hentry","category-interior"],"_links":{"self":[{"href":"https:\/\/corrientesdetarde.com\/index.php\/wp-json\/wp\/v2\/posts\/186977","targetHints":{"allow":["GET"]}}],"collection":[{"href":"https:\/\/corrientesdetarde.com\/index.php\/wp-json\/wp\/v2\/posts"}],"about":[{"href":"https:\/\/corrientesdetarde.com\/index.php\/wp-json\/wp\/v2\/types\/post"}],"author":[{"embeddable":true,"href":"https:\/\/corrientesdetarde.com\/index.php\/wp-json\/wp\/v2\/users\/8"}],"replies":[{"embeddable":true,"href":"https:\/\/corrientesdetarde.com\/index.php\/wp-json\/wp\/v2\/comments?post=186977"}],"version-history":[{"count":1,"href":"https:\/\/corrientesdetarde.com\/index.php\/wp-json\/wp\/v2\/posts\/186977\/revisions"}],"predecessor-version":[{"id":186985,"href":"https:\/\/corrientesdetarde.com\/index.php\/wp-json\/wp\/v2\/posts\/186977\/revisions\/186985"}],"wp:featuredmedia":[{"embeddable":true,"href":"https:\/\/corrientesdetarde.com\/index.php\/wp-json\/wp\/v2\/media\/186981"}],"wp:attachment":[{"href":"https:\/\/corrientesdetarde.com\/index.php\/wp-json\/wp\/v2\/media?parent=186977"}],"wp:term":[{"taxonomy":"category","embeddable":true,"href":"https:\/\/corrientesdetarde.com\/index.php\/wp-json\/wp\/v2\/categories?post=186977"},{"taxonomy":"post_tag","embeddable":true,"href":"https:\/\/corrientesdetarde.com\/index.php\/wp-json\/wp\/v2\/tags?post=186977"}],"curies":[{"name":"wp","href":"https:\/\/api.w.org\/{rel}","templated":true}]}}