{"id":186997,"date":"2025-01-27T13:35:15","date_gmt":"2025-01-27T16:35:15","guid":{"rendered":"https:\/\/corrientesdetarde.com\/?p=186997"},"modified":"2025-01-27T13:35:20","modified_gmt":"2025-01-27T16:35:20","slug":"ee-uu-y-colombia-llegaron-a-un-acuerdo-sobre-las-deportaciones-y-suspendieron-las-sanciones-economicas","status":"publish","type":"post","link":"https:\/\/corrientesdetarde.com\/index.php\/internacionales\/ee-uu-y-colombia-llegaron-a-un-acuerdo-sobre-las-deportaciones-y-suspendieron-las-sanciones-economicas\/","title":{"rendered":"EE.UU. y Colombia llegaron a un acuerdo sobre las deportaciones y suspendieron las sanciones econ\u00f3micas"},"content":{"rendered":"\n<p>Tras una semana de tensiones y amenazas de aranceles, la Casa Blanca dio por finalizado el conflicto. Los migrantes ser\u00e1n enviados a su pa\u00eds sin restricciones en aviones militares.<\/p>\n\n\n\n<p>La\u00a0<strong>Casa Blanca<\/strong>\u00a0anunci\u00f3 este domingo el\u00a0<strong>cierre de la crisis con Colombia por las deportaciones de inmigrantes\u00a0<\/strong>y asegur\u00f3 que el Gobierno de Bogot\u00e1 acept\u00f3 \u201ctodos los t\u00e9rminos del presidente Trump\u201d relacionados con el retorno de ciudadanos colombianos desde Estados Unidos.<\/p>\n\n\n\n<p>El acuerdo implica la&nbsp;<strong>aceptaci\u00f3n sin restricciones<\/strong>&nbsp;de los colombianos deportados, que ser\u00e1n enviados en&nbsp;<strong>aviones militares<\/strong>. La noticia fue confirmada por el presidente colombiano, Gustavo Petro, quien reposte\u00f3 el comunicado de la Casa Blanca, aunque luego lo elimin\u00f3 sin explicaci\u00f3n.<\/p>\n\n\n\n<p>En un&nbsp;<strong>comunicado<\/strong>, la Casa Blanca detall\u00f3 que, bajo este acuerdo,&nbsp;<strong>se suspenden los aranceles<\/strong>&nbsp;prometidos contra las importaciones colombianas y las sanciones, siempre que Colombia cumpla con los t\u00e9rminos establecidos.<\/p>\n\n\n\n<p>Sin embargo, se mantendr\u00e1n vigentes&nbsp;<strong>restricciones de visados<\/strong>&nbsp;para altos funcionarios colombianos e&nbsp;<strong>inspecciones reforzadas<\/strong>&nbsp;en aduanas y fronteras hasta que se complete la repatriaci\u00f3n de los deportados.<\/p>\n\n\n\n<figure class=\"wp-block-image\"><img decoding=\"async\" src=\"https:\/\/tn.com.ar\/resizer\/v2\/despues-de-dias-de-intensas-negociaciones-y-medidas-arancelarias-la-casa-blanca-y-el-gobierno-colombiano-alcanzaron-un-acuerdo-sobre-las-deportaciones-de-inmigrantes-foto-reutersluisa-gonzalez-OOJRVRCQIGITUMOJSK3JU7CWOA.jpg?auth=3c2e79da5a2933d66f067c1f992bd333dc143cf08abcab9885a112b7273f2628&amp;width=767\" alt=\"Despu\u00e9s de d\u00edas de intensas negociaciones y medidas arancelarias, la Casa Blanca y el gobierno colombiano alcanzaron un acuerdo sobre las deportaciones de inmigrantes. (Foto: REUTERS\/Luisa Gonzalez).\"\/><\/figure>\n\n\n\n<p><strong>\u201cHemos superado el impasse con el Gobierno de Estados Unidos\u201d, dijo el canciller colombiano, Luis Gilberto Murillo<\/strong>, al leer un comunicado en una comparecencia a la prensa en compa\u00f1\u00eda del embajador en Washington, Daniel Garc\u00eda-Pe\u00f1a; la canciller designada, Laura Sarabia; el vicecanciller Jorge Rojas y el ministro de Comercio, industria y Turismo, Luis Carlos Reyes.<\/p>\n\n\n\n<p>\u201cSeguiremos recibiendo a los colombianos y a las colombianas que retornen en condici\u00f3n de deportados garantiz\u00e1ndoles las condiciones dignas como ciudadanos sujetos de derechos\u201d, agreg\u00f3 Murillo en la lectura del comunicado.<\/p>\n\n\n\n<p>La portavoz de la Casa Blanca, Karoline Leavitt, explic\u00f3 que el primer&nbsp;<strong>avi\u00f3n de deportados colombianos<\/strong>&nbsp;deber\u00e1 regresar exitosamente antes de que se eliminen esas medidas. Adem\u00e1s, el comunicado destac\u00f3 que el presidente Trump&nbsp;<strong>seguir\u00e1 protegiendo la soberan\u00eda<\/strong>&nbsp;de Estados Unidos y presionar\u00e1 a otras naciones para que cooperen en la repatriaci\u00f3n de ciudadanos ilegales.<\/p>\n\n\n\n<h2 class=\"wp-block-heading\">Amenazas de aranceles<\/h2>\n\n\n\n<p>Trump hab\u00eda anunciado medidas&nbsp;<strong>dr\u00e1sticas contra Colombia<\/strong>, que incluyeron un&nbsp;<strong>arancel del 25%<\/strong>&nbsp;sobre todos los productos colombianos, con un&nbsp;<strong>aumento del 50%<\/strong>&nbsp;dentro de una semana, adem\u00e1s de la revocaci\u00f3n de visas para altos funcionarios colombianos y el endurecimiento de inspecciones en aduanas.<\/p>\n\n\n\n<p>Estas sanciones fueron motivadas por la&nbsp;<strong>negativa<\/strong>&nbsp;de Petro a recibir dos vuelos de repatriaci\u00f3n previamente acordados. En respuesta, el presidente colombiano hab\u00eda amenazado con aplicar&nbsp;<strong>aranceles del 25%<\/strong>&nbsp;a productos estadounidenses, aunque su postura parece haberse suavizado tras el acuerdo alcanzado.<\/p>\n\n\n\n<p>El&nbsp;<strong>uso de aviones militares<\/strong>&nbsp;y la presencia de inmigrantes&nbsp;<strong>esposados<\/strong>&nbsp;en vuelos similares hacia Brasil generaron controversia, siendo uno de los puntos m\u00e1s sensibles que Petro rechaz\u00f3.<\/p>\n\n\n\n<p>A nivel regional, la presidenta de Honduras,&nbsp;<strong>Xiomara Castro<\/strong>, convoc\u00f3 una reuni\u00f3n de urgencia de la Comunidad de Estados Latinoamericanos y Caribe\u00f1os (CELAC) para expresar su apoyo a Colombia.<\/p>\n\n\n\n<p>Estados Unidos es el principal socio comercial de Colombia, mientras que este \u00faltimo exporta principalmente&nbsp;<strong>petr\u00f3leo refinado, oro, carb\u00f3n, caf\u00e9<\/strong>&nbsp;y&nbsp;<strong>flores<\/strong>. Colombia, por su parte, importa&nbsp;<strong>ma\u00edz estadounidense<\/strong>, siendo clave en el comercio bilateral.<\/p>\n\n\n\n<p><\/p>\n","protected":false},"excerpt":{"rendered":"<p>Tras una semana de tensiones y amenazas de aranceles, la Casa Blanca dio por finalizado el conflicto. Los migrantes ser\u00e1n enviados a su pa\u00eds sin restricciones en aviones militares. La\u00a0Casa&hellip; <\/p>\n","protected":false},"author":8,"featured_media":186998,"comment_status":"closed","ping_status":"open","sticky":false,"template":"","format":"standard","meta":{"footnotes":""},"categories":[11],"tags":[],"class_list":["post-186997","post","type-post","status-publish","format-standard","has-post-thumbnail","hentry","category-internacionales"],"_links":{"self":[{"href":"https:\/\/corrientesdetarde.com\/index.php\/wp-json\/wp\/v2\/posts\/186997","targetHints":{"allow":["GET"]}}],"collection":[{"href":"https:\/\/corrientesdetarde.com\/index.php\/wp-json\/wp\/v2\/posts"}],"about":[{"href":"https:\/\/corrientesdetarde.com\/index.php\/wp-json\/wp\/v2\/types\/post"}],"author":[{"embeddable":true,"href":"https:\/\/corrientesdetarde.com\/index.php\/wp-json\/wp\/v2\/users\/8"}],"replies":[{"embeddable":true,"href":"https:\/\/corrientesdetarde.com\/index.php\/wp-json\/wp\/v2\/comments?post=186997"}],"version-history":[{"count":1,"href":"https:\/\/corrientesdetarde.com\/index.php\/wp-json\/wp\/v2\/posts\/186997\/revisions"}],"predecessor-version":[{"id":186999,"href":"https:\/\/corrientesdetarde.com\/index.php\/wp-json\/wp\/v2\/posts\/186997\/revisions\/186999"}],"wp:featuredmedia":[{"embeddable":true,"href":"https:\/\/corrientesdetarde.com\/index.php\/wp-json\/wp\/v2\/media\/186998"}],"wp:attachment":[{"href":"https:\/\/corrientesdetarde.com\/index.php\/wp-json\/wp\/v2\/media?parent=186997"}],"wp:term":[{"taxonomy":"category","embeddable":true,"href":"https:\/\/corrientesdetarde.com\/index.php\/wp-json\/wp\/v2\/categories?post=186997"},{"taxonomy":"post_tag","embeddable":true,"href":"https:\/\/corrientesdetarde.com\/index.php\/wp-json\/wp\/v2\/tags?post=186997"}],"curies":[{"name":"wp","href":"https:\/\/api.w.org\/{rel}","templated":true}]}}