{"id":187000,"date":"2025-01-27T14:26:49","date_gmt":"2025-01-27T17:26:49","guid":{"rendered":"https:\/\/corrientesdetarde.com\/?p=187000"},"modified":"2025-01-27T15:08:41","modified_gmt":"2025-01-27T18:08:41","slug":"chamame-el-avio-del-alma-cerro-con-una-multitud-y-dio-paso-al-refugio-de-nuestra-identidad","status":"publish","type":"post","link":"https:\/\/corrientesdetarde.com\/index.php\/locales\/chamame-el-avio-del-alma-cerro-con-una-multitud-y-dio-paso-al-refugio-de-nuestra-identidad\/","title":{"rendered":"Chamam\u00e9: el &#8220;Av\u00edo del alma&#8221; cerr\u00f3 con una multitud y dio paso al &#8220;Refugio de nuestra identidad&#8221;"},"content":{"rendered":"\n<p>Unas 15 mil personas colmaron este domingo&nbsp;el Anfiteatro Mario del Tr\u00e1nsito Cocomarola de la ciudad de Corrientes en el cierre de la 34\u00b0 Fiesta Nacional del Chamam\u00e9, 20\u00b0 Fiesta del Mercosur y 4\u00ba Celebraci\u00f3n Mundial con el lema &#8220;Av\u00edo del Alma&#8221;. El gobernador Gustavo Vald\u00e9s concurri\u00f3 a esta \u00faltima velada al igual que en su inauguraci\u00f3n y a varias de sus diez noches.&nbsp; &#8220;Cada vez tiene&nbsp;m\u00e1s fuerza y grandeza y la vamos a seguir potenciando &#8220;, asegur\u00f3 all\u00ed el Mandatario para la pr\u00f3xima edici\u00f3n 2026 que se desarrollar\u00e1 bajo el&nbsp;lema&nbsp;\u201cRefugio de nuestra identidad\u201d, del 16 al 25 de enero. &#8220;Vimos a la gente muy tranquila y disfrutando mucho&#8221;, resalt\u00f3 por su parte, la presidenta del Instituto de Cultura, Beatriz Kunin sobre este cierre donde Los de Imaguar\u00e9, Los Bofill y L\u00e1zaro Caballero le pusieron el broche de oro.<\/p>\n\n\n\n<p>Con entradas agotadas en la \u00faltima velada, las puertas del Cocomarola se abrieron a las 18 para recibir al fiel p\u00fablico chamamecero, y la Fiesta comenz\u00f3&nbsp;a&nbsp;las&nbsp;19.30.&nbsp;Un momento sumamente emotivo se vivi\u00f3 con el retiro de la Virgen de Itat\u00ed, que estuvo en todas las noches desde el inicio de la celebraci\u00f3n. Previamente el Ballet Oficial de la Fiesta realiz\u00f3 una danza para despedir a la Santa Patrona. Bajo la direcci\u00f3n del maestro Luis Marinoni, este seleccionado de 40 bailarines prepar\u00f3 un repertorio de primer nivel para rendir tributo a la identidad&nbsp;correntina.<\/p>\n\n\n\n<p>Entre los artistas que subieron al escenario mayor, se destacaron: Los de Imaguar\u00e9, Los Bofill, Ra\u00edz Guaran\u00ed, Mar\u00eda Ofelia, Diego Guti\u00e9rrez,&nbsp;Desiderio Souza, entre&nbsp;otros.&nbsp;\u201cEl chamam\u00e9 y esta Fiesta, con las obras y gestiones realizadas, cada vez tienen m\u00e1s fuerza y grandeza y la vamos a seguir potenciando para que la edici\u00f3n pr\u00f3xima sea mucho mejor\u201d, declar\u00f3 ante la prensa Vald\u00e9s. Y anunci\u00f3&nbsp;que se construir\u00e1n tribunas y se mejorar\u00e1 el techo del escenario, entre otras obras de importancia. \u201cVamos a tener m\u00e1s capacidad y m\u00e1s comodidad para la gente\u201d.<\/p>\n\n\n\n<p><strong>15 mil personas en la \u00faltima noche<\/strong><\/p>\n\n\n\n<p>Tras 10 noches de puro chamam\u00e9 sobre el escenario Osvaldo Sosa Cordero del Anfiteatro Cocomarola, Beatriz Kunin, presidente del Instituto de Cultura, expres\u00f3 su satisfacci\u00f3n por un balance altamente positivo del desarrollo de la Fiesta, a la vez que valor\u00f3 el impacto en mejores servicios para el p\u00fablico que representaron las obras de infraestructura encaradas en el lugar antes del desarrollo del evento.<\/p>\n\n\n\n<p>\u201cTenemos una gran alegr\u00eda al llegar la \u00faltima noche de la fiesta. Con un clima que, por suerte, nos est\u00e1 acompa\u00f1ando y la presencia de much\u00edsimo p\u00fablico\u201d, expres\u00f3 la funcionaria, para quien \u201ctodas las noches fueron positivas, y la \u00faltima a\u00fan m\u00e1s, porque se pudieron incluir a los artistas que no hab\u00edan podido presentarse sobre el escenario el jueves pasado, cuando se debi\u00f3 suspender la Fiesta por las inclemencias clim\u00e1ticas\u201d, record\u00f3.<\/p>\n\n\n\n<p>Por otra parte, indic\u00f3 que se estim\u00f3 una convocatoria de unas 15 mil personas para la \u00faltima noche de la Fiesta. \u201cEso nos muestran los drones que est\u00e1n circulando, adem\u00e1s hemos visto a la gente muy tranquila, disfrutando mucho. Hay zonas del anfiteatro donde la gente baila, otras donde est\u00e1 c\u00f3modamente sentada. Con las reformas que se han hecho, hemos podido ofrecer mejores servicios, tanto a la prensa como al p\u00fablico en general\u201d,&nbsp;asegur\u00f3.<\/p>\n\n\n\n<p><strong>Presencias<\/strong><\/p>\n\n\n\n<p>Acompa\u00f1aron al gobernador los ministros de Industria, Mariel Gabur; de Hacienda, Marcelo Rivas Piasentini; de Seguridad, Alfredo Vallejos; el fiscal de Estado, Horacio Ortega; legisladores; secretarios y subsecretarios provinciales; los intendentes de Ituzaing\u00f3, Goya y Mocoret\u00e1, Juan Pablo Vald\u00e9s, Mariano Hormaechea y Juan Pablo Fornaroli, respectivamente; y dem\u00e1s autoridades<\/p>\n\n\n\n<figure class=\"wp-block-image size-large\"><img loading=\"lazy\" decoding=\"async\" width=\"819\" height=\"1024\" src=\"https:\/\/corrientesdetarde.com\/wp-content\/uploads\/2025\/01\/image-567-819x1024.png\" alt=\"\" class=\"wp-image-187002\" srcset=\"https:\/\/corrientesdetarde.com\/wp-content\/uploads\/2025\/01\/image-567-819x1024.png 819w, https:\/\/corrientesdetarde.com\/wp-content\/uploads\/2025\/01\/image-567-240x300.png 240w, https:\/\/corrientesdetarde.com\/wp-content\/uploads\/2025\/01\/image-567-768x960.png 768w, https:\/\/corrientesdetarde.com\/wp-content\/uploads\/2025\/01\/image-567.png 1080w\" sizes=\"auto, (max-width: 819px) 100vw, 819px\" \/><\/figure>\n\n\n\n<figure class=\"wp-block-image size-large\"><img loading=\"lazy\" decoding=\"async\" width=\"576\" height=\"1024\" src=\"https:\/\/corrientesdetarde.com\/wp-content\/uploads\/2025\/01\/image-568-576x1024.png\" alt=\"\" class=\"wp-image-187003\" srcset=\"https:\/\/corrientesdetarde.com\/wp-content\/uploads\/2025\/01\/image-568-576x1024.png 576w, https:\/\/corrientesdetarde.com\/wp-content\/uploads\/2025\/01\/image-568-169x300.png 169w, https:\/\/corrientesdetarde.com\/wp-content\/uploads\/2025\/01\/image-568-768x1365.png 768w, https:\/\/corrientesdetarde.com\/wp-content\/uploads\/2025\/01\/image-568-864x1536.png 864w, https:\/\/corrientesdetarde.com\/wp-content\/uploads\/2025\/01\/image-568.png 1080w\" sizes=\"auto, (max-width: 576px) 100vw, 576px\" \/><\/figure>\n","protected":false},"excerpt":{"rendered":"<p>Unas 15 mil personas colmaron este domingo&nbsp;el Anfiteatro Mario del Tr\u00e1nsito Cocomarola de la ciudad de Corrientes en el cierre de la 34\u00b0 Fiesta Nacional del Chamam\u00e9, 20\u00b0 Fiesta del&hellip; <\/p>\n","protected":false},"author":8,"featured_media":187003,"comment_status":"closed","ping_status":"open","sticky":false,"template":"","format":"standard","meta":{"footnotes":""},"categories":[8],"tags":[],"class_list":["post-187000","post","type-post","status-publish","format-standard","has-post-thumbnail","hentry","category-locales"],"_links":{"self":[{"href":"https:\/\/corrientesdetarde.com\/index.php\/wp-json\/wp\/v2\/posts\/187000","targetHints":{"allow":["GET"]}}],"collection":[{"href":"https:\/\/corrientesdetarde.com\/index.php\/wp-json\/wp\/v2\/posts"}],"about":[{"href":"https:\/\/corrientesdetarde.com\/index.php\/wp-json\/wp\/v2\/types\/post"}],"author":[{"embeddable":true,"href":"https:\/\/corrientesdetarde.com\/index.php\/wp-json\/wp\/v2\/users\/8"}],"replies":[{"embeddable":true,"href":"https:\/\/corrientesdetarde.com\/index.php\/wp-json\/wp\/v2\/comments?post=187000"}],"version-history":[{"count":1,"href":"https:\/\/corrientesdetarde.com\/index.php\/wp-json\/wp\/v2\/posts\/187000\/revisions"}],"predecessor-version":[{"id":187004,"href":"https:\/\/corrientesdetarde.com\/index.php\/wp-json\/wp\/v2\/posts\/187000\/revisions\/187004"}],"wp:featuredmedia":[{"embeddable":true,"href":"https:\/\/corrientesdetarde.com\/index.php\/wp-json\/wp\/v2\/media\/187003"}],"wp:attachment":[{"href":"https:\/\/corrientesdetarde.com\/index.php\/wp-json\/wp\/v2\/media?parent=187000"}],"wp:term":[{"taxonomy":"category","embeddable":true,"href":"https:\/\/corrientesdetarde.com\/index.php\/wp-json\/wp\/v2\/categories?post=187000"},{"taxonomy":"post_tag","embeddable":true,"href":"https:\/\/corrientesdetarde.com\/index.php\/wp-json\/wp\/v2\/tags?post=187000"}],"curies":[{"name":"wp","href":"https:\/\/api.w.org\/{rel}","templated":true}]}}