{"id":187005,"date":"2025-01-27T14:31:44","date_gmt":"2025-01-27T17:31:44","guid":{"rendered":"https:\/\/corrientesdetarde.com\/?p=187005"},"modified":"2025-01-27T14:31:50","modified_gmt":"2025-01-27T17:31:50","slug":"los-carnavales-oficiales-2025-entran-en-su-etapa-final-de-preparacion","status":"publish","type":"post","link":"https:\/\/corrientesdetarde.com\/index.php\/eventossociedad\/los-carnavales-oficiales-2025-entran-en-su-etapa-final-de-preparacion\/","title":{"rendered":"Los Carnavales Oficiales 2025 entran en su etapa final de preparaci\u00f3n"},"content":{"rendered":"\n<p>Corrientes se prepara para vivir una nueva edici\u00f3n de los Carnavales Oficiales 2025, que entraron en su etapa final de preparaci\u00f3n y generan gran expectativa en la provincia y la regi\u00f3n. La primera noche de desfile se llevar\u00e1 a cabo el pr\u00f3ximo s\u00e1bado 01 de febrero en el renovado Cors\u00f3dromo Nolo Alias, dando inicio a la fiesta a cielo abierto m\u00e1s grande del pa\u00eds.<\/p>\n\n\n\n<p>Las comparsas y agrupaciones musicales trabajan intensamente para brindar un espect\u00e1culo inolvidable, con todo el brillo, la m\u00fasica y la pasi\u00f3n que caracterizan a este evento emblem\u00e1tico.<\/p>\n\n\n\n<p>Cabe recordar que en esta edici\u00f3n el evento se extender\u00e1 hasta el lunes 3 de marzo y contar\u00e1 con jornadas destacadas como: noches de competencia provincial a ejecutarse los s\u00e1bados 22 de febrero y 1 de marzo; los shows de comparsas tendr\u00e1n lugar los d\u00edas&nbsp;5, 9 y 12 de febrero en el Anfiteatro Cocomarola. En tanto, la elecci\u00f3n de embajadores&nbsp;ser\u00e1 el jueves 27 de febrero y en lo que respecta al duelo de bater\u00edas se&nbsp;realizar\u00e1&nbsp;el&nbsp;martes 25 de febrero.<\/p>\n\n\n\n<p><strong>Nuevo palco Vip Aeropuerto<\/strong><\/p>\n\n\n\n<p>Para esta edici\u00f3n, adem\u00e1s la organizaci\u00f3n sum\u00f3 un Palco Vip \u00fanico para todos los visitantes, y ya se encuentra a la venta a trav\u00e9s del sitio oficial y en el Centenario Shopping. Este espacio es una ubicaci\u00f3n preferencial, que ofrece un recibimiento con bocadillos, dos consumiciones a elecci\u00f3n, degustaciones y estacionamiento en un sector especial.<\/p>\n\n\n\n<p><strong>Presentaci\u00f3n en Resistencia<\/strong><\/p>\n\n\n\n<p>D\u00edas atr\u00e1s a modo de antesala y promoci\u00f3n del Carnaval, el pasado domingo se realiz\u00f3 una presentaci\u00f3n especial en el Domo del Centenario de Resistencia, Chaco con la participaci\u00f3n de bailarines y m\u00fasicos de la comparsa Ara Ber\u00e1 donde el p\u00fablico chaque\u00f1o disfrut\u00f3 de una muestra vibrante de lo que se vivir\u00e1 en cada noche de desfile y show.<\/p>\n\n\n\n<p>Adem\u00e1s, fueron parte de esta gran presentaci\u00f3n Selene Bublitz y Luis Pucheta, los reyes de la Capital Nacional del Carnaval. Este evento fue posible gracias al trabajo de la Productora De La Estrella, el apoyo del Gobierno provincial y la Municipalidad de Resistencia. Durante la jornada se realizaron sorteos y se otorgaron regalos y m\u00faltiples sorpresas para los presentes.<\/p>\n\n\n\n<p>Adem\u00e1s, el viernes 24 de enero, un grupo de comparseros de la agrupaci\u00f3n musical Imperio Bahiano, junto a Embajadores de nuestra fiesta, realizaron una hermosa presentaci\u00f3n en el Parque de la Democracia. El evento fue organizado por el Gobierno del Chaco y tuvo como n\u00famero estelar la puesta en escena de nuestro carnaval con la m\u00fasica y la alegr\u00eda caracter\u00edstica del carnaval correntino, se vivi\u00f3 una jornada festiva que reforz\u00f3 la conexi\u00f3n entre ambas regiones.<\/p>\n\n\n\n<p>As\u00ed con cada detalle listo para su gran inicio, los Carnavales Oficiales 2025 prometen ser una edici\u00f3n inolvidable. Se espera una gran afluencia de turistas y amantes de la fiesta que llegar\u00e1n a Corrientes para disfrutar de uno de los eventos m\u00e1s importantes del pa\u00eds.<\/p>\n\n\n\n<figure class=\"wp-block-image size-large\"><img loading=\"lazy\" decoding=\"async\" width=\"1024\" height=\"546\" src=\"https:\/\/corrientesdetarde.com\/wp-content\/uploads\/2025\/01\/image-569-1024x546.png\" alt=\"\" class=\"wp-image-187006\" srcset=\"https:\/\/corrientesdetarde.com\/wp-content\/uploads\/2025\/01\/image-569-1024x546.png 1024w, https:\/\/corrientesdetarde.com\/wp-content\/uploads\/2025\/01\/image-569-300x160.png 300w, https:\/\/corrientesdetarde.com\/wp-content\/uploads\/2025\/01\/image-569-768x409.png 768w, https:\/\/corrientesdetarde.com\/wp-content\/uploads\/2025\/01\/image-569-1536x819.png 1536w, https:\/\/corrientesdetarde.com\/wp-content\/uploads\/2025\/01\/image-569.png 1600w\" sizes=\"auto, (max-width: 1024px) 100vw, 1024px\" \/><\/figure>\n\n\n\n<figure class=\"wp-block-image size-large\"><img loading=\"lazy\" decoding=\"async\" width=\"1024\" height=\"986\" src=\"https:\/\/corrientesdetarde.com\/wp-content\/uploads\/2025\/01\/image-570-1024x986.png\" alt=\"\" class=\"wp-image-187007\" srcset=\"https:\/\/corrientesdetarde.com\/wp-content\/uploads\/2025\/01\/image-570-1024x986.png 1024w, https:\/\/corrientesdetarde.com\/wp-content\/uploads\/2025\/01\/image-570-300x289.png 300w, https:\/\/corrientesdetarde.com\/wp-content\/uploads\/2025\/01\/image-570-768x740.png 768w, https:\/\/corrientesdetarde.com\/wp-content\/uploads\/2025\/01\/image-570-1536x1479.png 1536w, https:\/\/corrientesdetarde.com\/wp-content\/uploads\/2025\/01\/image-570.png 1600w\" sizes=\"auto, (max-width: 1024px) 100vw, 1024px\" \/><\/figure>\n\n\n\n<figure class=\"wp-block-image size-large\"><img loading=\"lazy\" decoding=\"async\" width=\"1024\" height=\"521\" src=\"https:\/\/corrientesdetarde.com\/wp-content\/uploads\/2025\/01\/image-571-1024x521.png\" alt=\"\" class=\"wp-image-187008\" srcset=\"https:\/\/corrientesdetarde.com\/wp-content\/uploads\/2025\/01\/image-571-1024x521.png 1024w, https:\/\/corrientesdetarde.com\/wp-content\/uploads\/2025\/01\/image-571-300x153.png 300w, https:\/\/corrientesdetarde.com\/wp-content\/uploads\/2025\/01\/image-571-768x391.png 768w, https:\/\/corrientesdetarde.com\/wp-content\/uploads\/2025\/01\/image-571-1536x781.png 1536w, https:\/\/corrientesdetarde.com\/wp-content\/uploads\/2025\/01\/image-571.png 1600w\" sizes=\"auto, (max-width: 1024px) 100vw, 1024px\" \/><\/figure>\n\n\n\n<figure class=\"wp-block-image size-large\"><img loading=\"lazy\" decoding=\"async\" width=\"1024\" height=\"682\" src=\"https:\/\/corrientesdetarde.com\/wp-content\/uploads\/2025\/01\/image-572-1024x682.png\" alt=\"\" class=\"wp-image-187009\" srcset=\"https:\/\/corrientesdetarde.com\/wp-content\/uploads\/2025\/01\/image-572-1024x682.png 1024w, https:\/\/corrientesdetarde.com\/wp-content\/uploads\/2025\/01\/image-572-300x200.png 300w, https:\/\/corrientesdetarde.com\/wp-content\/uploads\/2025\/01\/image-572-768x512.png 768w, https:\/\/corrientesdetarde.com\/wp-content\/uploads\/2025\/01\/image-572-1536x1023.png 1536w, https:\/\/corrientesdetarde.com\/wp-content\/uploads\/2025\/01\/image-572.png 1600w\" sizes=\"auto, (max-width: 1024px) 100vw, 1024px\" \/><\/figure>\n","protected":false},"excerpt":{"rendered":"<p>Corrientes se prepara para vivir una nueva edici\u00f3n de los Carnavales Oficiales 2025, que entraron en su etapa final de preparaci\u00f3n y generan gran expectativa en la provincia y la&hellip; <\/p>\n","protected":false},"author":8,"featured_media":187007,"comment_status":"closed","ping_status":"open","sticky":false,"template":"","format":"standard","meta":{"footnotes":""},"categories":[1208],"tags":[],"class_list":["post-187005","post","type-post","status-publish","format-standard","has-post-thumbnail","hentry","category-eventossociedad"],"_links":{"self":[{"href":"https:\/\/corrientesdetarde.com\/index.php\/wp-json\/wp\/v2\/posts\/187005","targetHints":{"allow":["GET"]}}],"collection":[{"href":"https:\/\/corrientesdetarde.com\/index.php\/wp-json\/wp\/v2\/posts"}],"about":[{"href":"https:\/\/corrientesdetarde.com\/index.php\/wp-json\/wp\/v2\/types\/post"}],"author":[{"embeddable":true,"href":"https:\/\/corrientesdetarde.com\/index.php\/wp-json\/wp\/v2\/users\/8"}],"replies":[{"embeddable":true,"href":"https:\/\/corrientesdetarde.com\/index.php\/wp-json\/wp\/v2\/comments?post=187005"}],"version-history":[{"count":1,"href":"https:\/\/corrientesdetarde.com\/index.php\/wp-json\/wp\/v2\/posts\/187005\/revisions"}],"predecessor-version":[{"id":187010,"href":"https:\/\/corrientesdetarde.com\/index.php\/wp-json\/wp\/v2\/posts\/187005\/revisions\/187010"}],"wp:featuredmedia":[{"embeddable":true,"href":"https:\/\/corrientesdetarde.com\/index.php\/wp-json\/wp\/v2\/media\/187007"}],"wp:attachment":[{"href":"https:\/\/corrientesdetarde.com\/index.php\/wp-json\/wp\/v2\/media?parent=187005"}],"wp:term":[{"taxonomy":"category","embeddable":true,"href":"https:\/\/corrientesdetarde.com\/index.php\/wp-json\/wp\/v2\/categories?post=187005"},{"taxonomy":"post_tag","embeddable":true,"href":"https:\/\/corrientesdetarde.com\/index.php\/wp-json\/wp\/v2\/tags?post=187005"}],"curies":[{"name":"wp","href":"https:\/\/api.w.org\/{rel}","templated":true}]}}